{"id":90862,"date":"2021-09-08T22:14:28","date_gmt":"2021-09-08T22:14:28","guid":{"rendered":"https:\/\/radiostargjilan.com\/web\/?p=90862"},"modified":"2021-09-08T22:14:28","modified_gmt":"2021-09-08T22:14:28","slug":"vjen-reagimi-i-pdk-se-pas-vrasjes-se-dy-zyrtareve-te-saj-ne-peje","status":"publish","type":"post","link":"https:\/\/radiostargjilan.com\/web\/vjen-reagimi-i-pdk-se-pas-vrasjes-se-dy-zyrtareve-te-saj-ne-peje\/","title":{"rendered":"Vjen reagimi i PDK-s\u00eb, pas vrasjes s\u00eb dy zyrtar\u00ebve t\u00eb saj n\u00eb Pej\u00eb"},"content":{"rendered":"<p>Reagimi i plot\u00eb:<\/p>\n<p>Partia Demokratike e Kosov\u00ebs \u00ebsht\u00eb e tronditur nga lajmi tragjik p\u00ebr vrasjen e dyfisht\u00eb n\u00eb Pej\u00eb, t\u00eb kandidatit ton\u00eb p\u00ebr kryetar t\u00eb Komun\u00ebs s\u00eb Pej\u00ebs, Astrit Ademaj dhe Blerand Kadrijajt, ish kandidat p\u00ebr Kryetar t\u00eb Komun\u00ebs s\u00eb De\u00e7anit m\u00eb 2017.<\/p>\n<p>Ju shprehim ngush\u00ebllimet m\u00eb t\u00eb ndjera familjeve t\u00eb tyre. N\u00eb k\u00ebto momente t\u00eb r\u00ebnda, bashk\u00ebndjejm\u00eb me dhimbjen e tyre e lutemi q\u00eb t\u00eb gjejn\u00eb forc\u00ebn q\u00eb t\u00eb p\u00ebrballin humbjen e r\u00ebnd\u00eb.<\/p>\n","protected":false},"excerpt":{"rendered":"<p>Reagimi i plot\u00eb: Partia Demokratike e Kosov\u00ebs \u00ebsht\u00eb e tronditur nga lajmi tragjik p\u00ebr vrasjen e dyfisht\u00eb n\u00eb Pej\u00eb, t\u00eb kandidatit ton\u00eb p\u00ebr kryetar t\u00eb Komun\u00ebs s\u00eb Pej\u00ebs, Astrit Ademaj dhe Blerand Kadrijajt, ish kandidat p\u00ebr Kryetar t\u00eb Komun\u00ebs s\u00eb De\u00e7anit m\u00eb 2017. Ju shprehim ngush\u00ebllimet m\u00eb t\u00eb ndjera familjeve t\u00eb tyre. N\u00eb k\u00ebto momente [&hellip;]<\/p>\n","protected":false},"author":1,"featured_media":90863,"comment_status":"closed","ping_status":"closed","sticky":false,"template":"","format":"standard","meta":{"footnotes":""},"categories":[5],"tags":[],"class_list":{"0":"post-90862","1":"post","2":"type-post","3":"status-publish","4":"format-standard","5":"has-post-thumbnail","7":"category-lajme"},"_links":{"self":[{"href":"https:\/\/radiostargjilan.com\/web\/wp-json\/wp\/v2\/posts\/90862","targetHints":{"allow":["GET"]}}],"collection":[{"href":"https:\/\/radiostargjilan.com\/web\/wp-json\/wp\/v2\/posts"}],"about":[{"href":"https:\/\/radiostargjilan.com\/web\/wp-json\/wp\/v2\/types\/post"}],"author":[{"embeddable":true,"href":"https:\/\/radiostargjilan.com\/web\/wp-json\/wp\/v2\/users\/1"}],"replies":[{"embeddable":true,"href":"https:\/\/radiostargjilan.com\/web\/wp-json\/wp\/v2\/comments?post=90862"}],"version-history":[{"count":0,"href":"https:\/\/radiostargjilan.com\/web\/wp-json\/wp\/v2\/posts\/90862\/revisions"}],"wp:featuredmedia":[{"embeddable":true,"href":"https:\/\/radiostargjilan.com\/web\/wp-json\/wp\/v2\/media\/90863"}],"wp:attachment":[{"href":"https:\/\/radiostargjilan.com\/web\/wp-json\/wp\/v2\/media?parent=90862"}],"wp:term":[{"taxonomy":"category","embeddable":true,"href":"https:\/\/radiostargjilan.com\/web\/wp-json\/wp\/v2\/categories?post=90862"},{"taxonomy":"post_tag","embeddable":true,"href":"https:\/\/radiostargjilan.com\/web\/wp-json\/wp\/v2\/tags?post=90862"}],"curies":[{"name":"wp","href":"https:\/\/api.w.org\/{rel}","templated":true}]}}