{"id":91294,"date":"2021-09-13T16:03:09","date_gmt":"2021-09-13T16:03:09","guid":{"rendered":"https:\/\/radiostargjilan.com\/web\/?p=91294"},"modified":"2021-09-13T16:03:09","modified_gmt":"2021-09-13T16:03:09","slug":"te-mora-ne-telefon-dhe-nuk-mu-pergjigje-morena-taraku-me-fjale-prekese-per-shokun-e-vdekur","status":"publish","type":"post","link":"https:\/\/radiostargjilan.com\/web\/te-mora-ne-telefon-dhe-nuk-mu-pergjigje-morena-taraku-me-fjale-prekese-per-shokun-e-vdekur\/","title":{"rendered":"\u201cT\u00eb mora n\u00eb telefon dhe nuk mu p\u00ebrgjigje\u201d, Morena Taraku me fjal\u00eb prek\u00ebse p\u00ebr shokun e vdekur"},"content":{"rendered":"<p>Morena Taraku kishte raporte miq\u00ebsore me t\u00eb riun Eronit Sermaxhaj.<\/p>\n<p>Q\u00eb nga vdekja e tij Morena ka postuar vazhdimisht foto dhe video me t\u00eb duke i b\u00ebr\u00eb edhe dedikime t\u00eb shpeshta.<\/p>\n<p>S\u00eb fundmi ajo ka b\u00ebr\u00eb nj\u00eb dedikim derisa ka treguar se sa t\u00eb v\u00ebshtir\u00eb e ka ta p\u00ebrballoj\u00eb humbjen e mikut t\u00eb saj.<\/p>\n<p>Ajo po ashtu ka rr\u00ebfyer dit\u00ebn e par\u00eb kur e kuptoi se di\u00e7ka i kishte ndodhur Erionit.<\/p>\n<p>Kujtojm\u00eb se Eroniti vdiq n\u00eb mosh\u00ebn 22 vje\u00e7are si pasoj\u00eb e nj\u00eb s\u00ebmundje t\u00eb r\u00ebnd\u00eb t\u00eb cil\u00ebn b\u00ebri p\u00ebrpjekje ta luftoj\u00eb tash e 4 vite.<\/p>\n<p><a href=\"https:\/\/radiostargjilan.com\/web\/wp-content\/uploads\/2021\/09\/7A588AB3-9578-46A4-BA0C-BAD95B53B42C.jpeg\"><img loading=\"lazy\" loading=\"lazy\" decoding=\"async\" src=\"https:\/\/radiostargjilan.com\/web\/wp-content\/uploads\/2021\/09\/7A588AB3-9578-46A4-BA0C-BAD95B53B42C.jpeg\" alt=\"\" width=\"338\" height=\"600\" class=\"aligncenter size-full wp-image-91295\" srcset=\"https:\/\/radiostargjilan.com\/web\/wp-content\/uploads\/2021\/09\/7A588AB3-9578-46A4-BA0C-BAD95B53B42C.jpeg 338w, https:\/\/radiostargjilan.com\/web\/wp-content\/uploads\/2021\/09\/7A588AB3-9578-46A4-BA0C-BAD95B53B42C-169x300.jpeg 169w\" sizes=\"auto, (max-width: 338px) 100vw, 338px\" \/><\/a><\/p>\n<p><a href=\"https:\/\/radiostargjilan.com\/web\/wp-content\/uploads\/2021\/09\/2D8AF9A0-E203-4E6A-8257-AD05E2F13A40.jpeg\"><img loading=\"lazy\" loading=\"lazy\" decoding=\"async\" src=\"https:\/\/radiostargjilan.com\/web\/wp-content\/uploads\/2021\/09\/2D8AF9A0-E203-4E6A-8257-AD05E2F13A40.jpeg\" alt=\"\" width=\"338\" height=\"600\" class=\"aligncenter size-full wp-image-91296\" srcset=\"https:\/\/radiostargjilan.com\/web\/wp-content\/uploads\/2021\/09\/2D8AF9A0-E203-4E6A-8257-AD05E2F13A40.jpeg 338w, https:\/\/radiostargjilan.com\/web\/wp-content\/uploads\/2021\/09\/2D8AF9A0-E203-4E6A-8257-AD05E2F13A40-169x300.jpeg 169w\" sizes=\"auto, (max-width: 338px) 100vw, 338px\" \/><\/a><\/p>\n","protected":false},"excerpt":{"rendered":"<p>Morena Taraku kishte raporte miq\u00ebsore me t\u00eb riun Eronit Sermaxhaj. Q\u00eb nga vdekja e tij Morena ka postuar vazhdimisht foto dhe video me t\u00eb duke i b\u00ebr\u00eb edhe dedikime t\u00eb shpeshta. S\u00eb fundmi ajo ka b\u00ebr\u00eb nj\u00eb dedikim derisa ka treguar se sa t\u00eb v\u00ebshtir\u00eb e ka ta p\u00ebrballoj\u00eb humbjen e mikut t\u00eb saj. Ajo [&hellip;]<\/p>\n","protected":false},"author":1,"featured_media":91297,"comment_status":"closed","ping_status":"closed","sticky":false,"template":"","format":"standard","meta":{"footnotes":""},"categories":[9],"tags":[],"class_list":{"0":"post-91294","1":"post","2":"type-post","3":"status-publish","4":"format-standard","5":"has-post-thumbnail","7":"category-magazina"},"_links":{"self":[{"href":"https:\/\/radiostargjilan.com\/web\/wp-json\/wp\/v2\/posts\/91294","targetHints":{"allow":["GET"]}}],"collection":[{"href":"https:\/\/radiostargjilan.com\/web\/wp-json\/wp\/v2\/posts"}],"about":[{"href":"https:\/\/radiostargjilan.com\/web\/wp-json\/wp\/v2\/types\/post"}],"author":[{"embeddable":true,"href":"https:\/\/radiostargjilan.com\/web\/wp-json\/wp\/v2\/users\/1"}],"replies":[{"embeddable":true,"href":"https:\/\/radiostargjilan.com\/web\/wp-json\/wp\/v2\/comments?post=91294"}],"version-history":[{"count":0,"href":"https:\/\/radiostargjilan.com\/web\/wp-json\/wp\/v2\/posts\/91294\/revisions"}],"wp:featuredmedia":[{"embeddable":true,"href":"https:\/\/radiostargjilan.com\/web\/wp-json\/wp\/v2\/media\/91297"}],"wp:attachment":[{"href":"https:\/\/radiostargjilan.com\/web\/wp-json\/wp\/v2\/media?parent=91294"}],"wp:term":[{"taxonomy":"category","embeddable":true,"href":"https:\/\/radiostargjilan.com\/web\/wp-json\/wp\/v2\/categories?post=91294"},{"taxonomy":"post_tag","embeddable":true,"href":"https:\/\/radiostargjilan.com\/web\/wp-json\/wp\/v2\/tags?post=91294"}],"curies":[{"name":"wp","href":"https:\/\/api.w.org\/{rel}","templated":true}]}}