{"id":91421,"date":"2021-09-15T08:32:57","date_gmt":"2021-09-15T08:32:57","guid":{"rendered":"https:\/\/radiostargjilan.com\/web\/?p=91421"},"modified":"2021-09-15T08:32:57","modified_gmt":"2021-09-15T08:32:57","slug":"fc-drita-ju-njofton-qe-per-ndeshjen-drita-ballkani-do-te-jene-te-hapura-tribunat-prapa-portave-per-shikuesit","status":"publish","type":"post","link":"https:\/\/radiostargjilan.com\/web\/fc-drita-ju-njofton-qe-per-ndeshjen-drita-ballkani-do-te-jene-te-hapura-tribunat-prapa-portave-per-shikuesit\/","title":{"rendered":"FC DRITA ju njofton q\u00eb p\u00ebr ndeshjen  Drita- Ballkani  do t\u00eb jen\u00eb t\u00eb hapura tribunat prapa portave p\u00ebr shikuesit"},"content":{"rendered":"<p>NJOFTIM<\/p>\n<p>Njoftohen t\u00eb gjith\u00eb tifoz\u00ebt se n\u00eb ndeshjen FC DRITA &#8211; Ballkani q\u00eb zhvillohet sot nga ora 16:00 \u00ebsht\u00eb i lejuar vet\u00ebm 5% i kapacitetit t\u00eb stadiumit &#8220;Selami Osmani &#8211; Bezi&#8221; n\u00eb Gjilan.<\/p>\n<p>FC DRITA ju njofton q\u00eb p\u00ebr k\u00ebt\u00eb ndeshje do t\u00eb jen\u00eb t\u00eb hapura tribunat prapa portave dhe hyrjet  jan\u00eb si n\u00eb fotografin\u00eb e ilustruar:<br \/>\n\u2022Hyrja A:  Sheshi apo lagjia e Balecit<br \/>\n\u2022Hyrha B:  Rruga e shkoll\u00ebs teknike<\/p>\n<p>VEREJTJE<br \/>\nP\u00ebr shkak t\u00eb punimeve n\u00eb stadium dhe rrezikshm\u00ebris\u00eb nuk ka hyrje t\u00eb tjera alternative, andaj ju lutemi q\u00eb t&#8217;i permbaheni udh\u00ebzimeve n\u00eb fotografi!<\/p>\n<p>T\u00eb gjith\u00eb ata q\u00eb nisen drejt stadiumit n\u00eb respektim t\u00eb masave t\u00eb Qeveris\u00eb s\u00eb Kosov\u00ebs duhet:<\/p>\n<p>\u300bT\u00eb ken\u00eb t\u00eb vendosura maskat mbrojt\u00ebse?<br \/>\n\u300bT\u00eb jen\u00eb t\u00eb vaksinuar me t\u00eb pakt\u00ebn nj\u00eb doz\u00eb t\u00eb vaksin\u00ebs anti-Covid ? ose t\u00eb ken\u00eb testin PCR negativ, jo m\u00eb t\u00eb vjet\u00ebr se 72 or\u00eb.<br \/>\n\u300bBrenda ne stadium duhet t\u00eb mbajn\u00eb distanc\u00eb fizike.<\/p>\n<p>FC DRITA fal\u00ebnderon tifoz\u00ebt p\u00ebr interesimin dhe p\u00ebrkrahjen e vazhdueshme, por virusi \u00ebsht\u00eb ende aktiv, prandaj duhet t\u00eb kujdesemi p\u00ebr veten dhe m\u00eb t\u00eb dashurit tan\u00eb.<\/p>\n<p>FC DRITA\u26aa?<\/p>\n","protected":false},"excerpt":{"rendered":"<p>NJOFTIM Njoftohen t\u00eb gjith\u00eb tifoz\u00ebt se n\u00eb ndeshjen FC DRITA &#8211; Ballkani q\u00eb zhvillohet sot nga ora 16:00 \u00ebsht\u00eb i lejuar vet\u00ebm 5% i kapacitetit t\u00eb stadiumit &#8220;Selami Osmani &#8211; Bezi&#8221; n\u00eb Gjilan. FC DRITA ju njofton q\u00eb p\u00ebr k\u00ebt\u00eb ndeshje do t\u00eb jen\u00eb t\u00eb hapura tribunat prapa portave dhe hyrjet jan\u00eb si n\u00eb fotografin\u00eb [&hellip;]<\/p>\n","protected":false},"author":1,"featured_media":91422,"comment_status":"closed","ping_status":"closed","sticky":false,"template":"","format":"standard","meta":{"footnotes":""},"categories":[7],"tags":[],"class_list":{"0":"post-91421","1":"post","2":"type-post","3":"status-publish","4":"format-standard","5":"has-post-thumbnail","7":"category-sports"},"_links":{"self":[{"href":"https:\/\/radiostargjilan.com\/web\/wp-json\/wp\/v2\/posts\/91421","targetHints":{"allow":["GET"]}}],"collection":[{"href":"https:\/\/radiostargjilan.com\/web\/wp-json\/wp\/v2\/posts"}],"about":[{"href":"https:\/\/radiostargjilan.com\/web\/wp-json\/wp\/v2\/types\/post"}],"author":[{"embeddable":true,"href":"https:\/\/radiostargjilan.com\/web\/wp-json\/wp\/v2\/users\/1"}],"replies":[{"embeddable":true,"href":"https:\/\/radiostargjilan.com\/web\/wp-json\/wp\/v2\/comments?post=91421"}],"version-history":[{"count":0,"href":"https:\/\/radiostargjilan.com\/web\/wp-json\/wp\/v2\/posts\/91421\/revisions"}],"wp:featuredmedia":[{"embeddable":true,"href":"https:\/\/radiostargjilan.com\/web\/wp-json\/wp\/v2\/media\/91422"}],"wp:attachment":[{"href":"https:\/\/radiostargjilan.com\/web\/wp-json\/wp\/v2\/media?parent=91421"}],"wp:term":[{"taxonomy":"category","embeddable":true,"href":"https:\/\/radiostargjilan.com\/web\/wp-json\/wp\/v2\/categories?post=91421"},{"taxonomy":"post_tag","embeddable":true,"href":"https:\/\/radiostargjilan.com\/web\/wp-json\/wp\/v2\/tags?post=91421"}],"curies":[{"name":"wp","href":"https:\/\/api.w.org\/{rel}","templated":true}]}}