{"id":91464,"date":"2021-09-15T16:50:45","date_gmt":"2021-09-15T16:50:45","guid":{"rendered":"https:\/\/radiostargjilan.com\/web\/?p=91464"},"modified":"2021-09-15T16:50:45","modified_gmt":"2021-09-15T16:50:45","slug":"nuhiu-i-drites-ballkani-mori-piken-per-te-cilen-kishte-ardhur","status":"publish","type":"post","link":"https:\/\/radiostargjilan.com\/web\/nuhiu-i-drites-ballkani-mori-piken-per-te-cilen-kishte-ardhur\/","title":{"rendered":"Nuhiu i Drit\u00ebs: Ballkani mori pik\u00ebn p\u00ebr t\u00eb cilen kishte ardhur"},"content":{"rendered":"<p>Kan\u00eb p\u00ebrfunduar tri ndeshjet e para t\u00eb xhiros s\u00eb kat\u00ebrt n\u00eb Superlig\u00ebn e Kosov\u00ebs n\u00eb futboll.<\/p>\n<p>N\u00eb ndeshjen derbi mes Drit\u00ebs dhe Ballkanit ndeshja p\u00ebrfundoi me barazim pa gola. Kjo ndeshje u karekterizua me raste t\u00eb pakta t\u00eb sh\u00ebnimi, shkruan Sheshi.info<\/p>\n<p>Trajneri i Drit\u00ebs, Ardian Nuhiu, mendon se skuadra q\u00eb ai drejton ishte m\u00eb k\u00ebrkuese n\u00eb duel me Ballkanin.<\/p>\n<p>\u201cNdeshje e luftuar nga t\u00eb dyja ekipet. Kishim pak m\u00eb tep\u00ebr dhe ishim m\u00eb k\u00ebrkues se sa kund\u00ebrshtari. Ballkani ka kishte analizuar mir\u00eb. I p\u00ebrg\u00ebzoj\u00eb lojtar\u00ebt p\u00ebr kryerjen e detyrave n\u00eb m\u00ebnyr\u00eb shum\u00eb t\u00eb mir\u00eb. Kund\u00ebrshtari ndoshta mori at\u00eb q\u00eb k\u00ebrkoj\u00eb. U mbrojt mir\u00eb. Jan\u00eb disa futbollist\u00eb q\u00eb do hyjn\u00eb n\u00eb form\u00eb n\u00eb ndeshet e radh\u00ebs dhe do t\u00eb shkojn\u00eb shum\u00eb lart\u00eb. N\u00eb derbi duhet t\u00eb shfryt\u00ebzohen rastet. Barazimi pa gola ishte edhe merit\u00eb e kund\u00ebrshtarit\u201d, tha Nuhiu.<\/p>\n","protected":false},"excerpt":{"rendered":"<p>Kan\u00eb p\u00ebrfunduar tri ndeshjet e para t\u00eb xhiros s\u00eb kat\u00ebrt n\u00eb Superlig\u00ebn e Kosov\u00ebs n\u00eb futboll. N\u00eb ndeshjen derbi mes Drit\u00ebs dhe Ballkanit ndeshja p\u00ebrfundoi me barazim pa gola. Kjo ndeshje u karekterizua me raste t\u00eb pakta t\u00eb sh\u00ebnimi, shkruan Sheshi.info Trajneri i Drit\u00ebs, Ardian Nuhiu, mendon se skuadra q\u00eb ai drejton ishte m\u00eb k\u00ebrkuese [&hellip;]<\/p>\n","protected":false},"author":1,"featured_media":91465,"comment_status":"closed","ping_status":"closed","sticky":false,"template":"","format":"standard","meta":{"footnotes":""},"categories":[7],"tags":[],"class_list":{"0":"post-91464","1":"post","2":"type-post","3":"status-publish","4":"format-standard","5":"has-post-thumbnail","7":"category-sports"},"_links":{"self":[{"href":"https:\/\/radiostargjilan.com\/web\/wp-json\/wp\/v2\/posts\/91464","targetHints":{"allow":["GET"]}}],"collection":[{"href":"https:\/\/radiostargjilan.com\/web\/wp-json\/wp\/v2\/posts"}],"about":[{"href":"https:\/\/radiostargjilan.com\/web\/wp-json\/wp\/v2\/types\/post"}],"author":[{"embeddable":true,"href":"https:\/\/radiostargjilan.com\/web\/wp-json\/wp\/v2\/users\/1"}],"replies":[{"embeddable":true,"href":"https:\/\/radiostargjilan.com\/web\/wp-json\/wp\/v2\/comments?post=91464"}],"version-history":[{"count":0,"href":"https:\/\/radiostargjilan.com\/web\/wp-json\/wp\/v2\/posts\/91464\/revisions"}],"wp:featuredmedia":[{"embeddable":true,"href":"https:\/\/radiostargjilan.com\/web\/wp-json\/wp\/v2\/media\/91465"}],"wp:attachment":[{"href":"https:\/\/radiostargjilan.com\/web\/wp-json\/wp\/v2\/media?parent=91464"}],"wp:term":[{"taxonomy":"category","embeddable":true,"href":"https:\/\/radiostargjilan.com\/web\/wp-json\/wp\/v2\/categories?post=91464"},{"taxonomy":"post_tag","embeddable":true,"href":"https:\/\/radiostargjilan.com\/web\/wp-json\/wp\/v2\/tags?post=91464"}],"curies":[{"name":"wp","href":"https:\/\/api.w.org\/{rel}","templated":true}]}}