{"id":91539,"date":"2021-09-16T16:55:20","date_gmt":"2021-09-16T16:55:20","guid":{"rendered":"https:\/\/radiostargjilan.com\/web\/?p=91539"},"modified":"2021-09-16T16:55:20","modified_gmt":"2021-09-16T16:55:20","slug":"molliqaj-paralajmeron-kallezim-penal-per-vitine-zgjati-orarin-e-klubeve-te-nates-dhe-gastronomise-kur-dihej-qe-delta-ishte-mes-nesh","status":"publish","type":"post","link":"https:\/\/radiostargjilan.com\/web\/molliqaj-paralajmeron-kallezim-penal-per-vitine-zgjati-orarin-e-klubeve-te-nates-dhe-gastronomise-kur-dihej-qe-delta-ishte-mes-nesh\/","title":{"rendered":"Molliqaj paralajm\u00ebron kall\u00ebzim penal p\u00ebr Vitin\u00eb: Zgjati orarin e klubeve t\u00eb nat\u00ebs dhe gastronomis\u00eb kur dihej q\u00eb Delta ishte mes nesh"},"content":{"rendered":"<p>Kryetari i PSD-s\u00eb, Dardan Molliqaj ka paralajm\u00ebruar se do b\u00ebj\u00eb kall\u00ebzim penal ndaj ministrit t\u00eb Sh\u00ebndet\u00ebsis\u00eb, Arben Vitia.<\/p>\n<p>Molliqaj ka shkruar se IKSHP kishte rekomanduar masa p\u00ebr mbrojtjen e njer\u00ebzve por q\u00eb ministri Vitia kishte detyrim t\u2019i p\u00ebrgjigjet shefit t\u00eb tij.<\/p>\n<p>Molliqaj paralajm\u00ebron kall\u00ebzim penal p\u00ebr Vitin\u00eb: Zgjati orarin e klubeve t\u00eb nat\u00ebs dhe gastronomis\u00eb kur dihej q\u00eb Delta ishte mes nesh<\/p>\n<p>Lajme<\/p>\n<p>Gazeta Express16\/09\/2021 17:15<br \/>\nKryetari i PSD-s\u00eb, Dardan Molliqaj ka paralajm\u00ebruar se do b\u00ebj\u00eb kall\u00ebzim penal ndaj ministrit t\u00eb Sh\u00ebndet\u00ebsis\u00eb, Arben Vitia.<\/p>\n<p>Molliqaj ka shkruar se IKSHP kishte rekomanduar masa p\u00ebr mbrojtjen e njer\u00ebzve por q\u00eb ministri Vitia kishte detyrim t\u2019i p\u00ebrgjigjet shefit t\u00eb tij, raporton Gazeta Express.<\/p>\n<p>Lexo Edhe:<br \/>\nMgid<br \/>\nMgid<\/p>\n<p>\u201cIKShP po rekomandonte masa p\u00ebr t\u00eb mbrojtur jet\u00ebn njer\u00ebzore nga pandemia, por Vitia kishte detyrim t\u2019i p\u00ebrgjigjet idilik\u00ebs s\u00eb shefit t\u00eb tij. Mrekullia ekonomike q\u00eb po ndodh k\u00ebtu s\u2019\u00ebsht\u00eb par\u00eb n\u00eb k\u00ebto koh\u00eb as n\u00eb k\u00ebto an\u00eb. Ky \u00ebsht\u00eb konkluzioni p\u00ebrfundimtar i dh\u00ebn\u00eb n\u00eb krye t\u00eb heres. Andaj hapje totale. Shifrat duheshin prodhuar me \u00e7do kusht. Rruga, m\u00ebnyra apo kostoja s\u2019kishin r\u00ebnd\u00ebsi\u201d, ka shkruar Molliqaj.<\/p>\n<p>Ai ka shkruar se Vitia duhet t\u00eb p\u00ebrgjigjet para prokuroris\u00eb<\/p>\n<p>Arben Vitia duhet t\u00eb p\u00ebrgjigjet para prokuroris\u00eb. Veprimi i dat\u00ebs 12 gusht ka rezultuar me pasoja fatale p\u00ebr njer\u00ebzit. Ai ka vepruar n\u00eb m\u00ebnyr\u00eb t\u00ebr\u00ebsisht t\u00eb pap\u00ebrgjegjshme dhe ka shp\u00ebrdorur detyr\u00ebn zyrtare. Kjo nuk do t\u00eb kaloj\u00eb leht\u00eb. Nj\u00eb kall\u00ebzim penal e pret dit\u00ebve n\u00eb vijim. P\u00ebr fillim\u201d, ka th\u00ebn\u00eb Molliqaj.<\/p>\n","protected":false},"excerpt":{"rendered":"<p>Kryetari i PSD-s\u00eb, Dardan Molliqaj ka paralajm\u00ebruar se do b\u00ebj\u00eb kall\u00ebzim penal ndaj ministrit t\u00eb Sh\u00ebndet\u00ebsis\u00eb, Arben Vitia. Molliqaj ka shkruar se IKSHP kishte rekomanduar masa p\u00ebr mbrojtjen e njer\u00ebzve por q\u00eb ministri Vitia kishte detyrim t\u2019i p\u00ebrgjigjet shefit t\u00eb tij. Molliqaj paralajm\u00ebron kall\u00ebzim penal p\u00ebr Vitin\u00eb: Zgjati orarin e klubeve t\u00eb nat\u00ebs dhe gastronomis\u00eb [&hellip;]<\/p>\n","protected":false},"author":1,"featured_media":91540,"comment_status":"closed","ping_status":"closed","sticky":false,"template":"","format":"standard","meta":{"footnotes":""},"categories":[5],"tags":[],"class_list":{"0":"post-91539","1":"post","2":"type-post","3":"status-publish","4":"format-standard","5":"has-post-thumbnail","7":"category-lajme"},"_links":{"self":[{"href":"https:\/\/radiostargjilan.com\/web\/wp-json\/wp\/v2\/posts\/91539","targetHints":{"allow":["GET"]}}],"collection":[{"href":"https:\/\/radiostargjilan.com\/web\/wp-json\/wp\/v2\/posts"}],"about":[{"href":"https:\/\/radiostargjilan.com\/web\/wp-json\/wp\/v2\/types\/post"}],"author":[{"embeddable":true,"href":"https:\/\/radiostargjilan.com\/web\/wp-json\/wp\/v2\/users\/1"}],"replies":[{"embeddable":true,"href":"https:\/\/radiostargjilan.com\/web\/wp-json\/wp\/v2\/comments?post=91539"}],"version-history":[{"count":0,"href":"https:\/\/radiostargjilan.com\/web\/wp-json\/wp\/v2\/posts\/91539\/revisions"}],"wp:featuredmedia":[{"embeddable":true,"href":"https:\/\/radiostargjilan.com\/web\/wp-json\/wp\/v2\/media\/91540"}],"wp:attachment":[{"href":"https:\/\/radiostargjilan.com\/web\/wp-json\/wp\/v2\/media?parent=91539"}],"wp:term":[{"taxonomy":"category","embeddable":true,"href":"https:\/\/radiostargjilan.com\/web\/wp-json\/wp\/v2\/categories?post=91539"},{"taxonomy":"post_tag","embeddable":true,"href":"https:\/\/radiostargjilan.com\/web\/wp-json\/wp\/v2\/tags?post=91539"}],"curies":[{"name":"wp","href":"https:\/\/api.w.org\/{rel}","templated":true}]}}