{"id":92340,"date":"2021-09-23T19:25:46","date_gmt":"2021-09-23T19:25:46","guid":{"rendered":"https:\/\/radiostargjilan.com\/web\/?p=92340"},"modified":"2021-09-23T19:25:46","modified_gmt":"2021-09-23T19:25:46","slug":"skifterat-nuk-e-harrojne-presidentin-legjendar-te-gjilanit-shukri-sylejmani","status":"publish","type":"post","link":"https:\/\/radiostargjilan.com\/web\/skifterat-nuk-e-harrojne-presidentin-legjendar-te-gjilanit-shukri-sylejmani\/","title":{"rendered":"\u201cSkifterat\u201d nuk e harrojn\u00eb presidentin legjendar t\u00eb Gjilanit, Shukri Sylejmani"},"content":{"rendered":"<p>Tifogrupi i Sport Club \u201cGjilani\u201d, \u201cSkifterat\u201d e kan\u00eb kujtuar ish-presidentin legjendar t\u00eb klubit, Shukri Sylejmanin n\u00eb nj\u00eb-vjetorin e vdekjes.<\/p>\n<p>Sylejmani ishte nd\u00ebr figurat q\u00eb kishte dh\u00ebn\u00eb shum\u00eb p\u00ebr klubin \u201ckuqebardh\u00eb\u201d n\u00eb koh\u00ebn kur futbolli yn\u00eb nuk ka qen\u00eb i pranuar n\u00eb UEFA dhe FIFA.<\/p>\n<p>\u201cSkifterat\u201d e kujtojn\u00eb at\u00eb si president legjendar, nd\u00ebrsa i kan\u00eb kushtuar edhe nj\u00eb shkrim emocional n\u00eb faqen zyrtare.<\/p>\n<p>Postimi pa nd\u00ebrhyrje i \u201cSkifterave\u201d<\/p>\n<p>Sot u b\u00eb 1 vit i ndarjes nga jeta t\u00eb presidentit legjendar Shukri Sylejmani.<\/p>\n<p>Nj\u00eb jet\u00eb dedikuar zhvillimit t\u00eb futbollit dhe sportit n\u00eb t\u00ebr\u00ebsi.<\/p>\n<p>Vepr\u00ebn dhe kontributin e Shuk\u00ebs me nder e mburrje do ta kujtojm\u00eb p\u00ebrher\u00eb, ai p\u00ebrb\u00ebn shembullin e dashuris\u00eb dhe sakrific\u00ebs p\u00ebrtej mundsive p\u00ebr klubin e zemr\u00ebs.<\/p>\n<p>Zoti e m\u00ebshiroft\u00eb.<\/p>\n","protected":false},"excerpt":{"rendered":"<p>Tifogrupi i Sport Club \u201cGjilani\u201d, \u201cSkifterat\u201d e kan\u00eb kujtuar ish-presidentin legjendar t\u00eb klubit, Shukri Sylejmanin n\u00eb nj\u00eb-vjetorin e vdekjes. Sylejmani ishte nd\u00ebr figurat q\u00eb kishte dh\u00ebn\u00eb shum\u00eb p\u00ebr klubin \u201ckuqebardh\u00eb\u201d n\u00eb koh\u00ebn kur futbolli yn\u00eb nuk ka qen\u00eb i pranuar n\u00eb UEFA dhe FIFA. \u201cSkifterat\u201d e kujtojn\u00eb at\u00eb si president legjendar, nd\u00ebrsa i kan\u00eb kushtuar [&hellip;]<\/p>\n","protected":false},"author":1,"featured_media":92341,"comment_status":"closed","ping_status":"closed","sticky":false,"template":"","format":"standard","meta":{"footnotes":""},"categories":[7],"tags":[],"class_list":{"0":"post-92340","1":"post","2":"type-post","3":"status-publish","4":"format-standard","5":"has-post-thumbnail","7":"category-sports"},"_links":{"self":[{"href":"https:\/\/radiostargjilan.com\/web\/wp-json\/wp\/v2\/posts\/92340","targetHints":{"allow":["GET"]}}],"collection":[{"href":"https:\/\/radiostargjilan.com\/web\/wp-json\/wp\/v2\/posts"}],"about":[{"href":"https:\/\/radiostargjilan.com\/web\/wp-json\/wp\/v2\/types\/post"}],"author":[{"embeddable":true,"href":"https:\/\/radiostargjilan.com\/web\/wp-json\/wp\/v2\/users\/1"}],"replies":[{"embeddable":true,"href":"https:\/\/radiostargjilan.com\/web\/wp-json\/wp\/v2\/comments?post=92340"}],"version-history":[{"count":0,"href":"https:\/\/radiostargjilan.com\/web\/wp-json\/wp\/v2\/posts\/92340\/revisions"}],"wp:featuredmedia":[{"embeddable":true,"href":"https:\/\/radiostargjilan.com\/web\/wp-json\/wp\/v2\/media\/92341"}],"wp:attachment":[{"href":"https:\/\/radiostargjilan.com\/web\/wp-json\/wp\/v2\/media?parent=92340"}],"wp:term":[{"taxonomy":"category","embeddable":true,"href":"https:\/\/radiostargjilan.com\/web\/wp-json\/wp\/v2\/categories?post=92340"},{"taxonomy":"post_tag","embeddable":true,"href":"https:\/\/radiostargjilan.com\/web\/wp-json\/wp\/v2\/tags?post=92340"}],"curies":[{"name":"wp","href":"https:\/\/api.w.org\/{rel}","templated":true}]}}