{"id":92443,"date":"2021-09-25T09:49:32","date_gmt":"2021-09-25T09:49:32","guid":{"rendered":"https:\/\/radiostargjilan.com\/web\/?p=92443"},"modified":"2021-09-25T09:49:32","modified_gmt":"2021-09-25T09:49:32","slug":"digjet-qendra-e-regjistrimit-te-automjeteve-ne-zubin-potok","status":"publish","type":"post","link":"https:\/\/radiostargjilan.com\/web\/digjet-qendra-e-regjistrimit-te-automjeteve-ne-zubin-potok\/","title":{"rendered":"Digjet Qendra e Regjistrimit t\u00eb Automjeteve n\u00eb Zubin Potok"},"content":{"rendered":"<p>N\u00eb ora 01:00 pas mesnate, \u00ebsht\u00eb djegur Qendra e Regjistrimit t\u00eb Automjeteve e cila gjendet n\u00eb objektin e komun\u00ebs n\u00eb Zubin Potok.<\/p>\n<p>Po ashtu, \u00ebsht\u00eb sulmuar edhe Qendra e Regjistrimit Civil n\u00eb Zve\u00e7an ku dyshohet edhe p\u00ebr nj\u00eb mjet shp\u00ebrthyes.<a href=\"https:\/\/radiostargjilan.com\/web\/wp-content\/uploads\/2021\/09\/2C4EAF4E-7F04-45E8-B544-4FEF23354B60.jpeg\"><img loading=\"lazy\" loading=\"lazy\" decoding=\"async\" src=\"https:\/\/radiostargjilan.com\/web\/wp-content\/uploads\/2021\/09\/2C4EAF4E-7F04-45E8-B544-4FEF23354B60-225x300.jpeg\" alt=\"\" width=\"225\" height=\"300\" class=\"alignnone size-medium wp-image-92444\" srcset=\"https:\/\/radiostargjilan.com\/web\/wp-content\/uploads\/2021\/09\/2C4EAF4E-7F04-45E8-B544-4FEF23354B60-225x300.jpeg 225w, https:\/\/radiostargjilan.com\/web\/wp-content\/uploads\/2021\/09\/2C4EAF4E-7F04-45E8-B544-4FEF23354B60-768x1024.jpeg 768w, https:\/\/radiostargjilan.com\/web\/wp-content\/uploads\/2021\/09\/2C4EAF4E-7F04-45E8-B544-4FEF23354B60.jpeg 900w\" sizes=\"auto, (max-width: 225px) 100vw, 225px\" \/><\/a><\/p>\n<p><a href=\"https:\/\/radiostargjilan.com\/web\/wp-content\/uploads\/2021\/09\/B757DB4B-D6D6-41C0-B7E3-9611985F45BE.jpeg\"><img loading=\"lazy\" loading=\"lazy\" decoding=\"async\" src=\"https:\/\/radiostargjilan.com\/web\/wp-content\/uploads\/2021\/09\/B757DB4B-D6D6-41C0-B7E3-9611985F45BE-225x300.jpeg\" alt=\"\" width=\"225\" height=\"300\" class=\"alignnone size-medium wp-image-92445\" srcset=\"https:\/\/radiostargjilan.com\/web\/wp-content\/uploads\/2021\/09\/B757DB4B-D6D6-41C0-B7E3-9611985F45BE-225x300.jpeg 225w, https:\/\/radiostargjilan.com\/web\/wp-content\/uploads\/2021\/09\/B757DB4B-D6D6-41C0-B7E3-9611985F45BE-768x1024.jpeg 768w, https:\/\/radiostargjilan.com\/web\/wp-content\/uploads\/2021\/09\/B757DB4B-D6D6-41C0-B7E3-9611985F45BE.jpeg 900w\" sizes=\"auto, (max-width: 225px) 100vw, 225px\" \/><\/a><\/p>\n","protected":false},"excerpt":{"rendered":"<p>N\u00eb ora 01:00 pas mesnate, \u00ebsht\u00eb djegur Qendra e Regjistrimit t\u00eb Automjeteve e cila gjendet n\u00eb objektin e komun\u00ebs n\u00eb Zubin Potok. Po ashtu, \u00ebsht\u00eb sulmuar edhe Qendra e Regjistrimit Civil n\u00eb Zve\u00e7an ku dyshohet edhe p\u00ebr nj\u00eb mjet shp\u00ebrthyes.<\/p>\n","protected":false},"author":1,"featured_media":92446,"comment_status":"closed","ping_status":"closed","sticky":false,"template":"","format":"standard","meta":{"footnotes":""},"categories":[5],"tags":[],"class_list":{"0":"post-92443","1":"post","2":"type-post","3":"status-publish","4":"format-standard","5":"has-post-thumbnail","7":"category-lajme"},"_links":{"self":[{"href":"https:\/\/radiostargjilan.com\/web\/wp-json\/wp\/v2\/posts\/92443","targetHints":{"allow":["GET"]}}],"collection":[{"href":"https:\/\/radiostargjilan.com\/web\/wp-json\/wp\/v2\/posts"}],"about":[{"href":"https:\/\/radiostargjilan.com\/web\/wp-json\/wp\/v2\/types\/post"}],"author":[{"embeddable":true,"href":"https:\/\/radiostargjilan.com\/web\/wp-json\/wp\/v2\/users\/1"}],"replies":[{"embeddable":true,"href":"https:\/\/radiostargjilan.com\/web\/wp-json\/wp\/v2\/comments?post=92443"}],"version-history":[{"count":0,"href":"https:\/\/radiostargjilan.com\/web\/wp-json\/wp\/v2\/posts\/92443\/revisions"}],"wp:featuredmedia":[{"embeddable":true,"href":"https:\/\/radiostargjilan.com\/web\/wp-json\/wp\/v2\/media\/92446"}],"wp:attachment":[{"href":"https:\/\/radiostargjilan.com\/web\/wp-json\/wp\/v2\/media?parent=92443"}],"wp:term":[{"taxonomy":"category","embeddable":true,"href":"https:\/\/radiostargjilan.com\/web\/wp-json\/wp\/v2\/categories?post=92443"},{"taxonomy":"post_tag","embeddable":true,"href":"https:\/\/radiostargjilan.com\/web\/wp-json\/wp\/v2\/tags?post=92443"}],"curies":[{"name":"wp","href":"https:\/\/api.w.org\/{rel}","templated":true}]}}