{"id":92448,"date":"2021-09-25T10:07:13","date_gmt":"2021-09-25T10:07:13","guid":{"rendered":"https:\/\/radiostargjilan.com\/web\/?p=92448"},"modified":"2021-09-25T12:38:04","modified_gmt":"2021-09-25T12:38:04","slug":"derbi-i-qytetit-qe-tashme-eshte-derbi-i-shtetit","status":"publish","type":"post","link":"https:\/\/radiostargjilan.com\/web\/derbi-i-qytetit-qe-tashme-eshte-derbi-i-shtetit\/","title":{"rendered":"DERBI I QYTETIT Q\u00cb TASHM\u00cb \u00cbSHT\u00cb DERBI I SHTETIT"},"content":{"rendered":"<p>Shkruan: Nehat Osmani<\/p>\n<p>FRYMA E SPORTIT SI KULTUR\u00cb E KULTURA E SPORTIT SI FRYM\u00cb N\u00cb QYYTETIN E GJILANIT<\/p>\n<p>Ka koh\u00eb q\u00eb n\u00eb qytetin e Gjilanit fryma e futbollit p\u00ebrjetohet si kultur\u00eb nd\u00ebrsa kultura e futbollit si frym\u00eb. N\u00eb t\u00eb dyja okazionet Gjilanasit i v\u00ebzhgojn\u00eb nga prizmi filozofik, ku sporti nd\u00ebrthur\u00eb artin n\u00eb kultur\u00ebn e filozofis\u00eb tika taka.<br \/>\nKa koh\u00eb q\u00eb derbin m\u00eb t\u00eb madh futbollistik t\u00eb vendit, Gjilanasit e p\u00ebrjetojn\u00eb si kultur\u00eb, n\u00eb t\u00eb cil\u00ebn mish\u00ebrohen dashuria p\u00ebr ngjyrat e klubit, besnik\u00ebria, kreativiteti e virtuoziteti.<br \/>\nKa koh\u00eb q\u00eb derbi i qytetit nuk \u00ebsht\u00eb vet\u00ebm derbi i qytetit t\u00eb Gjilanit por \u00ebsht\u00eb derbi i shtetit t\u00eb Kosov\u00ebs. Me nivelin e tyre organizativ, me rezultatet e tyre kulminante, dy klubet tona t\u00eb m\u00ebdha kan\u00eb tejkaluar suazat lokale e rajonale. Ato sot p\u00ebrfaq\u00ebsojn\u00eb shtetin ton\u00eb n\u00eb aren\u00ebn nd\u00ebrkomb\u00ebtare e shteti yn\u00eb p\u00ebrmes k\u00ebtij Derbi Ikonik promovon vlerat shtet\u00ebrore.<br \/>\nKa koh\u00eb q\u00eb KF \u201cDrita\u201d nuk \u00ebsht\u00eb vet\u00ebm i \u201cIntelektual\u00ebve\u201d dhe gjilanasve por p\u00ebrkrah\u00ebsit e saj jan\u00eb anek\u00ebnd Kosov\u00ebs, sikur q\u00eb ka koh\u00eb q\u00eb FC \u201cGjilani\u201d nuk \u00ebsht\u00eb vet\u00ebm i \u201cSkifterave\u201d dhe gjilanasve por p\u00ebrkrah\u00ebsit e saj jan\u00eb anek\u00ebnd Kosov\u00ebs.<br \/>\nV\u00ebshtruar nga ky priz\u00ebm dhe interesimit gjith\u00ebkomb\u00ebtar n\u00eb nj\u00ebr\u00ebn an\u00eb si dhe kushteve t\u00eb mjera t\u00eb stadiumit n\u00eb Gjilan n\u00eb an\u00ebn tjet\u00ebr, ndoshta edhe mund t\u00eb arsyetojm\u00eb, madje edhe t\u00eb p\u00ebrsh\u00ebndesim vendimin p\u00ebr zhvillimin e derbit t\u00eb madh n\u00eb kryeqytetin e Kosov\u00ebs n\u00eb nj\u00eb ambient modern sikur \u00ebsht\u00eb Stadiumi i Prishtin\u00ebs.<br \/>\nPa mos anashkaluar n\u00eb asnj\u00eb moment neglizhenc\u00ebn dhe p\u00ebrgjegj\u00ebsit\u00eb e institucioneve dhe lider\u00ebve politik p\u00ebr zvarritjet enorme n\u00eb p\u00ebrfundimin e punimeve n\u00eb Stadiumin e Qytetit t\u00eb Gjilanit.<br \/>\nPa mos n\u00ebnvler\u00ebsuar d\u00ebmet e jasht\u00ebzakonshme q\u00eb iu jan\u00eb shkaktuar dy klubeve tona si n\u00eb aspektin sportiv poashtu edhe ate menaxhues e financiar p\u00ebr vite t\u00eb t\u00ebra, sidomos pa mos amnistuar n\u00eb asnj\u00eb moment bart\u00ebsit e k\u00ebtyre abuzimeve, keqp\u00ebrdorimeve e premtimeve mashtruese.<br \/>\nStadiumi i qytetit t\u00eb Gjilanit nuk e ka vet\u00ebm r\u00ebnd\u00ebsin\u00eb e saj sportive, ai ka r\u00ebnd\u00ebsin\u00eb e saj edhe arkitektonike, kulturore e zhvillimore. Pik\u00ebrisht p\u00ebr k\u00ebt\u00eb arsye ai nuk do duhej t\u00eb nd\u00ebrtohej n\u00eb lokacionin aktual p\u00ebr shkak t\u00eb mosp\u00ebrmbushjes s\u00eb nj\u00eb mori kushtesh hap\u00ebsinore p\u00ebr t\u00eb cil\u00ebn kam shkruar edhe n\u00eb t\u00eb kaluar\u00ebn, edhe pa filluar rikonstruimi.<br \/>\nStadiumi i qytetit do duhej t\u00eb nd\u00ebrtohej n\u00eb nj\u00eb zon\u00eb krejt\u00ebsisht t\u00eb lir\u00eb t\u00eb qytetit ku do zhvendosej nj\u00eb qytet i ri me t\u00ebr\u00eb infrastruktur\u00ebn e nevojshme nd\u00ebrtimore dhe hapte perspektiva t\u00eb pakufizuara t\u00eb prosperitetit modern e zhvillimor t\u00eb qytetit ton\u00eb, ku do t\u00eb p\u00ebrfshiheshin e konsultoheshin shum\u00eb arkitekt\u00eb e inxhinier\u00eb, planifikues hap\u00ebsinor, ekspert\u00eb t\u00eb ekonomis\u00eb, intelektual\u00eb t\u00eb t\u00eb gjitha l\u00ebmive.<br \/>\nE megjithate duke d\u00ebshtuar n\u00eb realizimin e nj\u00eb mund\u00ebsie t\u00eb pap\u00ebrs\u00ebritur p\u00ebr gjith\u00eb spektrin politik e intelektual, njer\u00ebzor, sportiv e kulturor t\u00eb qytetit ton\u00eb, do duhej t\u00eb b\u00ebnim t\u00eb pamund\u00ebr\u00ebn n\u00eb m\u00ebnyr\u00eb q\u00eb t\u00eb b\u00ebjm\u00eb t\u00eb mundur realizimin e projektit t\u00eb filluar ekzistues n\u00eb nj\u00eb periudh\u00eb dhe afat maksimalisht t\u00eb p\u00ebrshpejtuar drejt arritjes s\u00eb pritshm\u00ebrive t\u00eb qytetar\u00ebve<br \/>\nLe t\u2019iu urojm\u00eb lojtar\u00ebve t\u00eb dy klubeve tona t\u00eb Gjilanit suksese edhe n\u00eb k\u00ebt\u00eb derbi shtet\u00ebror me nj\u00eb urim q\u00eb ky derbi t\u00eb jet\u00eb ballafaqimi i fundit q\u00eb zhvillohet jasht\u00eb Gjilanit, me nj\u00eb d\u00ebshir\u00eb sublime q\u00eb derbin e ardhsh\u00ebm ta zhvillojn\u00eb n\u00eb tribunat e st\u00ebrmbushura t\u00eb stadiumit t\u00eb qytetit t\u00eb Gjilanit, aty ku do mblidhen n\u00eb nj\u00eb vend t\u00eb rinjt\u00eb e t\u00eb moshuarit, dashamir\u00ebt e loj\u00ebs s\u00eb bukur e atmosfer\u00ebs, tifoz\u00ebt e flakt\u00eb t\u00eb t\u00eb dy klubeve.<\/p>\n<p>(Autori \u00ebsht\u00eb legjend\u00eb e gjall\u00eb  e futbollit gjilanas dhe kosovar)<\/p>\n","protected":false},"excerpt":{"rendered":"<p>Shkruan: Nehat Osmani FRYMA E SPORTIT SI KULTUR\u00cb E KULTURA E SPORTIT SI FRYM\u00cb N\u00cb QYYTETIN E GJILANIT Ka koh\u00eb q\u00eb n\u00eb qytetin e Gjilanit fryma e futbollit p\u00ebrjetohet si kultur\u00eb nd\u00ebrsa kultura e futbollit si frym\u00eb. N\u00eb t\u00eb dyja okazionet Gjilanasit i v\u00ebzhgojn\u00eb nga prizmi filozofik, ku sporti nd\u00ebrthur\u00eb artin n\u00eb kultur\u00ebn e filozofis\u00eb [&hellip;]<\/p>\n","protected":false},"author":1,"featured_media":92449,"comment_status":"closed","ping_status":"closed","sticky":false,"template":"","format":"standard","meta":{"footnotes":""},"categories":[5],"tags":[],"class_list":{"0":"post-92448","1":"post","2":"type-post","3":"status-publish","4":"format-standard","5":"has-post-thumbnail","7":"category-lajme"},"_links":{"self":[{"href":"https:\/\/radiostargjilan.com\/web\/wp-json\/wp\/v2\/posts\/92448","targetHints":{"allow":["GET"]}}],"collection":[{"href":"https:\/\/radiostargjilan.com\/web\/wp-json\/wp\/v2\/posts"}],"about":[{"href":"https:\/\/radiostargjilan.com\/web\/wp-json\/wp\/v2\/types\/post"}],"author":[{"embeddable":true,"href":"https:\/\/radiostargjilan.com\/web\/wp-json\/wp\/v2\/users\/1"}],"replies":[{"embeddable":true,"href":"https:\/\/radiostargjilan.com\/web\/wp-json\/wp\/v2\/comments?post=92448"}],"version-history":[{"count":0,"href":"https:\/\/radiostargjilan.com\/web\/wp-json\/wp\/v2\/posts\/92448\/revisions"}],"wp:featuredmedia":[{"embeddable":true,"href":"https:\/\/radiostargjilan.com\/web\/wp-json\/wp\/v2\/media\/92449"}],"wp:attachment":[{"href":"https:\/\/radiostargjilan.com\/web\/wp-json\/wp\/v2\/media?parent=92448"}],"wp:term":[{"taxonomy":"category","embeddable":true,"href":"https:\/\/radiostargjilan.com\/web\/wp-json\/wp\/v2\/categories?post=92448"},{"taxonomy":"post_tag","embeddable":true,"href":"https:\/\/radiostargjilan.com\/web\/wp-json\/wp\/v2\/tags?post=92448"}],"curies":[{"name":"wp","href":"https:\/\/api.w.org\/{rel}","templated":true}]}}