{"id":92469,"date":"2021-09-25T13:22:58","date_gmt":"2021-09-25T13:22:58","guid":{"rendered":"https:\/\/radiostargjilan.com\/web\/?p=92469"},"modified":"2021-09-25T13:22:58","modified_gmt":"2021-09-25T13:22:58","slug":"levizja-vetevendosje-nenshkruan-nje-momerandum-bashkepunimi-me-hendikos-dhe-shoqaten-e-te-verberve","status":"publish","type":"post","link":"https:\/\/radiostargjilan.com\/web\/levizja-vetevendosje-nenshkruan-nje-momerandum-bashkepunimi-me-hendikos-dhe-shoqaten-e-te-verberve\/","title":{"rendered":"L\u00ebvizja Vet\u00ebvendosje n\u00ebnshkruan nj\u00eb momerandum bashk\u00ebpunimi me HENDIKOS dhe shoqat\u00ebn e t\u00eb Verb\u00ebrve"},"content":{"rendered":"<p>Sot, n\u00eb zyret e L\u00ebvizjes VET\u00cbVENDOSJE! Qendra n\u00eb Gjilan, u n\u00ebnshkrua nj\u00eb momerandum bashk\u00ebpunimi me shoqat\u00ebn \u201cHandiKOS\u201d dhe \u201cShoqat\u00ebn Nd\u00ebrkomunale t\u00eb t\u00eb Verb\u00ebrve\u201d.<\/p>\n<p>N\u00eb qeverisjen ton\u00eb komunale, k\u00ebtij komuniteti do t\u2019iu kthehet v\u00ebmendja e mb\u00ebshtetja e merituar komunale.<\/p>\n","protected":false},"excerpt":{"rendered":"<p>Sot, n\u00eb zyret e L\u00ebvizjes VET\u00cbVENDOSJE! Qendra n\u00eb Gjilan, u n\u00ebnshkrua nj\u00eb momerandum bashk\u00ebpunimi me shoqat\u00ebn \u201cHandiKOS\u201d dhe \u201cShoqat\u00ebn Nd\u00ebrkomunale t\u00eb t\u00eb Verb\u00ebrve\u201d. N\u00eb qeverisjen ton\u00eb komunale, k\u00ebtij komuniteti do t\u2019iu kthehet v\u00ebmendja e mb\u00ebshtetja e merituar komunale.<\/p>\n","protected":false},"author":1,"featured_media":92470,"comment_status":"closed","ping_status":"closed","sticky":false,"template":"","format":"standard","meta":{"footnotes":""},"categories":[17],"tags":[],"class_list":{"0":"post-92469","1":"post","2":"type-post","3":"status-publish","4":"format-standard","5":"has-post-thumbnail","7":"category-zgjedhjet-komunale-2021"},"_links":{"self":[{"href":"https:\/\/radiostargjilan.com\/web\/wp-json\/wp\/v2\/posts\/92469","targetHints":{"allow":["GET"]}}],"collection":[{"href":"https:\/\/radiostargjilan.com\/web\/wp-json\/wp\/v2\/posts"}],"about":[{"href":"https:\/\/radiostargjilan.com\/web\/wp-json\/wp\/v2\/types\/post"}],"author":[{"embeddable":true,"href":"https:\/\/radiostargjilan.com\/web\/wp-json\/wp\/v2\/users\/1"}],"replies":[{"embeddable":true,"href":"https:\/\/radiostargjilan.com\/web\/wp-json\/wp\/v2\/comments?post=92469"}],"version-history":[{"count":0,"href":"https:\/\/radiostargjilan.com\/web\/wp-json\/wp\/v2\/posts\/92469\/revisions"}],"wp:featuredmedia":[{"embeddable":true,"href":"https:\/\/radiostargjilan.com\/web\/wp-json\/wp\/v2\/media\/92470"}],"wp:attachment":[{"href":"https:\/\/radiostargjilan.com\/web\/wp-json\/wp\/v2\/media?parent=92469"}],"wp:term":[{"taxonomy":"category","embeddable":true,"href":"https:\/\/radiostargjilan.com\/web\/wp-json\/wp\/v2\/categories?post=92469"},{"taxonomy":"post_tag","embeddable":true,"href":"https:\/\/radiostargjilan.com\/web\/wp-json\/wp\/v2\/tags?post=92469"}],"curies":[{"name":"wp","href":"https:\/\/api.w.org\/{rel}","templated":true}]}}