{"id":92472,"date":"2021-09-25T13:43:20","date_gmt":"2021-09-25T13:43:20","guid":{"rendered":"https:\/\/radiostargjilan.com\/web\/?p=92472"},"modified":"2021-09-25T13:43:20","modified_gmt":"2021-09-25T13:43:20","slug":"situata-ne-veri-kurti-e-svecla-ne-konference-per-media","status":"publish","type":"post","link":"https:\/\/radiostargjilan.com\/web\/situata-ne-veri-kurti-e-svecla-ne-konference-per-media\/","title":{"rendered":"Situata n\u00eb veri, Kurti e Sve\u00e7la n\u00eb konferenc\u00eb p\u00ebr media"},"content":{"rendered":"<p>Kryeministri i Kosov\u00ebs, Albin Kurti dhe Ministri i Pun\u00ebve t\u00eb Brendshme, Xhelal Sve\u00e7la, do t\u00eb mbajn\u00eb sot konferenc\u00eb p\u00ebr media.<\/p>\n<p>Konferenca do t\u00eb mbahet n\u00eb or\u00ebn 16:00. Lajmin e ka b\u00ebr\u00eb t\u00eb ditur Zyra e Kryeministrit, p\u00ebrmes nj\u00eb njoftimi drejtuar mediave.<\/p>\n<p>\u201cKryeministri i Republik\u00ebs s\u00eb Kosov\u00ebs, Albin Kurti dhe ministri i Pun\u00ebve t\u00eb Brendshme, Xhelal Sve\u00e7la, do t\u00eb mbajn\u00eb konferenc\u00eb p\u00ebr media\u201d, thuhet n\u00eb njoftim.<\/p>\n<p>Konferenca vjen pas situat\u00ebs n\u00eb veri, ku pas mesnat\u00ebs jan\u00eb djeguar e sulmuar me granata dore zyret e regjistrimit t\u00eb automjeteve n\u00eb Zubin Potok dhe Zve\u00e7an.<\/p>\n","protected":false},"excerpt":{"rendered":"<p>Kryeministri i Kosov\u00ebs, Albin Kurti dhe Ministri i Pun\u00ebve t\u00eb Brendshme, Xhelal Sve\u00e7la, do t\u00eb mbajn\u00eb sot konferenc\u00eb p\u00ebr media. Konferenca do t\u00eb mbahet n\u00eb or\u00ebn 16:00. Lajmin e ka b\u00ebr\u00eb t\u00eb ditur Zyra e Kryeministrit, p\u00ebrmes nj\u00eb njoftimi drejtuar mediave. \u201cKryeministri i Republik\u00ebs s\u00eb Kosov\u00ebs, Albin Kurti dhe ministri i Pun\u00ebve t\u00eb Brendshme, Xhelal [&hellip;]<\/p>\n","protected":false},"author":1,"featured_media":92473,"comment_status":"closed","ping_status":"closed","sticky":false,"template":"","format":"standard","meta":{"footnotes":""},"categories":[5],"tags":[],"class_list":{"0":"post-92472","1":"post","2":"type-post","3":"status-publish","4":"format-standard","5":"has-post-thumbnail","7":"category-lajme"},"_links":{"self":[{"href":"https:\/\/radiostargjilan.com\/web\/wp-json\/wp\/v2\/posts\/92472","targetHints":{"allow":["GET"]}}],"collection":[{"href":"https:\/\/radiostargjilan.com\/web\/wp-json\/wp\/v2\/posts"}],"about":[{"href":"https:\/\/radiostargjilan.com\/web\/wp-json\/wp\/v2\/types\/post"}],"author":[{"embeddable":true,"href":"https:\/\/radiostargjilan.com\/web\/wp-json\/wp\/v2\/users\/1"}],"replies":[{"embeddable":true,"href":"https:\/\/radiostargjilan.com\/web\/wp-json\/wp\/v2\/comments?post=92472"}],"version-history":[{"count":0,"href":"https:\/\/radiostargjilan.com\/web\/wp-json\/wp\/v2\/posts\/92472\/revisions"}],"wp:featuredmedia":[{"embeddable":true,"href":"https:\/\/radiostargjilan.com\/web\/wp-json\/wp\/v2\/media\/92473"}],"wp:attachment":[{"href":"https:\/\/radiostargjilan.com\/web\/wp-json\/wp\/v2\/media?parent=92472"}],"wp:term":[{"taxonomy":"category","embeddable":true,"href":"https:\/\/radiostargjilan.com\/web\/wp-json\/wp\/v2\/categories?post=92472"},{"taxonomy":"post_tag","embeddable":true,"href":"https:\/\/radiostargjilan.com\/web\/wp-json\/wp\/v2\/tags?post=92472"}],"curies":[{"name":"wp","href":"https:\/\/api.w.org\/{rel}","templated":true}]}}