{"id":92978,"date":"2021-09-30T10:38:26","date_gmt":"2021-09-30T10:38:26","guid":{"rendered":"https:\/\/radiostargjilan.com\/web\/?p=92978"},"modified":"2021-09-30T10:38:26","modified_gmt":"2021-09-30T10:38:26","slug":"shkolla-e-mesme-profesonale-jonuz-zejnullahu-ne-viti-u-be-me-kabinet-te-rrobaqepesise","status":"publish","type":"post","link":"https:\/\/radiostargjilan.com\/web\/shkolla-e-mesme-profesonale-jonuz-zejnullahu-ne-viti-u-be-me-kabinet-te-rrobaqepesise\/","title":{"rendered":"Shkolla e Mesme Profesonale \u201c Jonuz Zejnullahu\u201d n\u00eb Viti u b\u00eb me kabinet t\u00eb rrobaqep\u00ebsis\u00eb"},"content":{"rendered":"<p>Shkolla e Mesme Profesionale \u201cJonuz Zejnullahu\u201d n\u00eb Viti,  \u00ebsht\u00eb b\u00ebr\u00eb me kabinet t\u00eb rrobaqep\u00ebsis\u00eb dhe at\u00eb p\u00ebr l\u00ebmine e tekstilit, konkretisht t\u00eb profilit arsimor\u00eb profesional, konfeksion. Kjo u b\u00eb e mundur fal\u00eb t\u00eb nj\u00eb investimi t\u00eb b\u00ebr\u00eb  nga buxheti komunal i Vitis\u00eb. Me  k\u00ebt\u00eb rast n\u00eb p\u00ebrurimin e k\u00ebtij kabineti i pranish\u00ebm ishte kryetari i komun\u00ebs s\u00eb Vitis\u00eb, Sokol Haliti dhe Drejtori p\u00ebr Arsim, Basri Aliu. <\/p>\n<p>Kryetar i komun\u00ebs s\u00eb Vitis\u00eb, Sokol Haliti  foli p\u00ebr pun\u00ebn e komun\u00ebs s\u00eb Vitis\u00eb, n\u00eb  krijimin e kushteve sa m\u00eb t\u00eb mira p\u00ebr nx\u00ebn\u00ebsit dhe personelin arsimor n\u00eb k\u00ebt\u00eb shkoll\u00eb profesonale.<br \/>\n\u201c Un\u00eb me t\u00eb v\u00ebrtet\u00eb jan\u00eb i nderuar q\u00eb kemi arritur me mjete vetanake t\u00eb b\u00ebjm\u00eb k\u00ebt\u00eb kabinet dhe at\u00eb pas krijimit t\u00eb  kabinetit t\u00eb teknologjis\u00eb ushqimore, qendr\u00ebn karrier\u00ebs, qendr\u00ebn profesionale dhe shum\u00eb shpejt do t\u00eb kemi qendr\u00ebn invovative q\u00eb \u00ebsht\u00eb projektuar t\u00eb b\u00ebhet n\u00eb objektin e vjet\u00ebr t\u00eb k\u00ebsaj shkolle\u201d u shpreh kryetari Haliti.  Ai theksoj se qeverisja komunale n\u00eb Viti, po b\u00ebn\u00eb \u00e7mos q\u00eb t\u00eb sigurojn\u00eb mjete konkretizuese dhe kushte sa m\u00eb t\u00eb mira p\u00ebr nx\u00ebn\u00ebsit dhe personelin  arsimor duke shtuar q\u00eb do t\u00eb vazhdojn\u00eb pun\u00ebn n\u00eb k\u00ebt\u00eb drejtim. <\/p>\n<p>Nijazi Lutfiu, Drejtor i Sh.M.P  \u201cJonuz Zejnullahu\u201d n\u00eb Viti, tha se ky kabinet i ka munguar k\u00ebsaj shkolle q\u00eb nj\u00eb koh\u00eb t\u00eb gjat\u00eb dhe \u00ebsht\u00eb realizuar fal\u00eb t\u00eb nj\u00eb  investimi t\u00eb komun\u00ebs s\u00eb Vitis\u00eb p\u00ebr t\u00eb cil\u00ebn u shpreh fal\u00ebnderues n\u00eb em\u00ebr t\u00eb shkoll\u00ebs.  Ai tha se ka shum\u00eb nx\u00ebn\u00ebs vitias  q\u00eb jan\u00eb t\u00eb interesuar dhe kan\u00eb  d\u00ebshir\u00eb t\u00eb ndjekin drejtimet profesionale, pasi q\u00eb jan\u00eb edhe k\u00ebrkes\u00eb t\u00eb tregut t\u00eb pun\u00ebs qoft\u00eb brenda vendit apo  jasht\u00eb saj.  Kurse Prof. Zymrie Beqiri Haziri, tha tani nx\u00ebn\u00ebsit e drejtimit tekstilit, profili arsimor konfeksion, mund t\u00eb ndjekin pun\u00ebn praktike brenda shkoll\u00ebs dhe nuk kan\u00eb nevoj\u00eb t\u00eb shkojn\u00eb n\u00eb bizneset private. P\u00ebrndryshe u b\u00eb me dije se n\u00eb k\u00ebt\u00eb drejtim m\u00ebsimin po e ndjekin aktualisht 21 nx\u00ebn\u00ebs.<\/p>\n","protected":false},"excerpt":{"rendered":"<p>Shkolla e Mesme Profesionale \u201cJonuz Zejnullahu\u201d n\u00eb Viti, \u00ebsht\u00eb b\u00ebr\u00eb me kabinet t\u00eb rrobaqep\u00ebsis\u00eb dhe at\u00eb p\u00ebr l\u00ebmine e tekstilit, konkretisht t\u00eb profilit arsimor\u00eb profesional, konfeksion. Kjo u b\u00eb e mundur fal\u00eb t\u00eb nj\u00eb investimi t\u00eb b\u00ebr\u00eb nga buxheti komunal i Vitis\u00eb. Me k\u00ebt\u00eb rast n\u00eb p\u00ebrurimin e k\u00ebtij kabineti i pranish\u00ebm ishte kryetari i [&hellip;]<\/p>\n","protected":false},"author":1,"featured_media":92979,"comment_status":"closed","ping_status":"closed","sticky":false,"template":"","format":"standard","meta":{"footnotes":""},"categories":[5],"tags":[],"class_list":{"0":"post-92978","1":"post","2":"type-post","3":"status-publish","4":"format-standard","5":"has-post-thumbnail","7":"category-lajme"},"_links":{"self":[{"href":"https:\/\/radiostargjilan.com\/web\/wp-json\/wp\/v2\/posts\/92978","targetHints":{"allow":["GET"]}}],"collection":[{"href":"https:\/\/radiostargjilan.com\/web\/wp-json\/wp\/v2\/posts"}],"about":[{"href":"https:\/\/radiostargjilan.com\/web\/wp-json\/wp\/v2\/types\/post"}],"author":[{"embeddable":true,"href":"https:\/\/radiostargjilan.com\/web\/wp-json\/wp\/v2\/users\/1"}],"replies":[{"embeddable":true,"href":"https:\/\/radiostargjilan.com\/web\/wp-json\/wp\/v2\/comments?post=92978"}],"version-history":[{"count":0,"href":"https:\/\/radiostargjilan.com\/web\/wp-json\/wp\/v2\/posts\/92978\/revisions"}],"wp:featuredmedia":[{"embeddable":true,"href":"https:\/\/radiostargjilan.com\/web\/wp-json\/wp\/v2\/media\/92979"}],"wp:attachment":[{"href":"https:\/\/radiostargjilan.com\/web\/wp-json\/wp\/v2\/media?parent=92978"}],"wp:term":[{"taxonomy":"category","embeddable":true,"href":"https:\/\/radiostargjilan.com\/web\/wp-json\/wp\/v2\/categories?post=92978"},{"taxonomy":"post_tag","embeddable":true,"href":"https:\/\/radiostargjilan.com\/web\/wp-json\/wp\/v2\/tags?post=92978"}],"curies":[{"name":"wp","href":"https:\/\/api.w.org\/{rel}","templated":true}]}}