{"id":93193,"date":"2021-10-02T13:55:04","date_gmt":"2021-10-02T13:55:04","guid":{"rendered":"https:\/\/radiostargjilan.com\/web\/?p=93193"},"modified":"2021-10-02T13:55:04","modified_gmt":"2021-10-02T13:55:04","slug":"demant-i-eroll-salihut-per-shkrimet-e-fundit","status":"publish","type":"post","link":"https:\/\/radiostargjilan.com\/web\/demant-i-eroll-salihut-per-shkrimet-e-fundit\/","title":{"rendered":"Demant i Eroll Salihut p\u00ebr shkrimet e fundit"},"content":{"rendered":"<p>\u00cbsht\u00eb e v\u00ebshtir\u00eb t\u00eb kuptosh se me \u00e7far\u00eb leht\u00ebsie nj\u00eb portal, gazet\u00eb apo medium tjet\u00ebr p\u00ebrhap nj\u00eb lajm t\u00eb rrem\u00eb e t\u00eb fabrikuar p\u00ebr nj\u00eb politikan, k\u00ebng\u00ebtar, sportist apo kushdoqoft\u00eb tjet\u00ebr, duke harruar se ai \u00ebsht\u00eb nj\u00eb njeri familjar, me f\u00ebmij\u00eb, me prind\u00ebr, me v\u00ebllez\u00ebr e motra. Q\u00ebllimi i tyre \u00ebsht\u00eb thjesht t\u00eb shantazhojn\u00eb nj\u00eb personalitet apo nj\u00eb institucion dhe t\u00eb p\u00ebrfitojn\u00eb klikime nga titujt \u2018bombastik\u2019. Demantoj\u00eb, e thon\u00eb ata m\u00eb pas, p\u00ebr t\u00eb marr\u00eb s\u00ebrish sa m\u00eb shum\u00eb klikime, por e v\u00ebrteta as q\u00eb ju intereson. Mua koh\u00ebt e fundit m\u00eb ndodhi kjo gj\u00eb n\u00eb tri raste; dy her\u00eb pas mospajtimeve t\u00eb vogla me presidentin Ademi, e nj\u00eb her\u00eb kinse Prokuroria hapi hetime kund\u00ebr meje. T\u00eb gjitha mospajtimet, t\u00eb cilat nuk i kemi fshehur, kan\u00eb qen\u00eb normale dhe kan\u00eb ndodhur ekskluzivisht p\u00ebr shkaqe sportive dhe asnj\u00ebher\u00eb p\u00ebr gj\u00ebra q\u00eb jan\u00eb th\u00ebn\u00eb e jan\u00eb shkruar nga disa portale shpif\u00ebse. E para ka ndodhur p\u00ebr shkak t\u00eb afatit kalimtar (transferimit t\u00eb lojtar\u00ebve, q\u00eb ishin dy \u2013 tri raste) dhe e dyta p\u00ebr shkak t\u00eb disa vendimeve nga Sh\u00ebrbimi ligjor i FFK-s\u00eb rreth \u00e7\u00ebshtjes s\u00eb klubeve dhe garave. Por, disa portale q\u00eb nuk kan\u00eb aspak profesionaliz\u00ebm e q\u00eb fatmir\u00ebsisht jan\u00eb t\u00eb pakta, nuk kan\u00eb hezituar t\u00eb spekulojn\u00eb se ka pasur edhe p\u00ebrleshje fizike, gj\u00eb e cila nuk q\u00ebndron dhe t\u00eb thuhet \u00ebsht\u00eb v\u00ebrtet e turpshme, p\u00ebr ata q\u00eb e din\u00eb \u00e7far\u00eb \u00ebsht\u00eb turpi. M\u00eb pas kur kan\u00eb shkruar q\u00eb Prokuororia ka hapur hetime kund\u00ebr meje \u00ebsht\u00eb dashur t\u00eb shkoj n\u00eb Gjykat\u00eb dhe t\u00eb marr\u00eb dosjen q\u00eb e ka v\u00ebrtetetuar past\u00ebrtin\u00eb time. Tani del nj\u00eb shkrim tjet\u00ebr i fabrikuar mir\u00eb, por i pavler\u00eb, pas thuajse kat\u00ebr muajsh nga mbledhja e KE-s\u00eb dhe at\u00eb pik\u00ebrisht para ndeshjeve t\u00eb Komb\u00ebtareve, q\u00eb \u00ebsht\u00eb shum\u00eb sinjifikante dhe po ndodh\u00eb tash e sa her\u00eb, me q\u00ebllim t\u00eb d\u00ebmtimit t\u00eb institucionit ton\u00eb por edhe rezultateve t\u00eb ekipeve komb\u00ebtare. Sekretari i p\u00ebrgjithsh\u00ebm e ka obligim t\u2019i raportoj\u00eb KE t\u00eb FFK-s\u00eb dhe presidentit, e k\u00ebshtu ka ndodhur \u00e7do her\u00eb. N\u00eb mbledhjen e qershorit si KE i FFK-s\u00eb jemi pajtuar q\u00eb t\u00eb kemi koordinim mes veti n\u00eb t\u00eb gjitha segmentet. Aty kemi marr\u00eb vendime t\u00eb qarta dhe zotime p\u00ebr pun\u00eb transparente dhe t\u00eb drejt\u00eb, prandaj \u00ebsht\u00eb e turpshme se si portale t\u00eb tilla pas kaq muajsh nga ai takim dalin me shkrime t\u00eb tilla t\u00eb fabrikuara. Un\u00eb, e besoj edhe presidenti dhe KE i FFK-s\u00eb, m\u00eb nuk do t\u00eb merremi fare me k\u00ebto lloj shkrimesh q\u00ebllimk\u00ebqija, t\u00eb cilat m\u00eb t\u00eb v\u00ebrtet\u00eb jan\u00eb t\u00eb turpshme dhe b\u00ebhen t\u00eb sinkronizuara. Ne jemi t\u00eb bashkuar dhe n\u00eb marr\u00ebdh\u00ebnie shum\u00eb t\u00eb mir\u00eb me presidentin Ademi. Jam i k\u00ebnaqur me pozicionin tim n\u00eb FFK dhe do t\u00eb vazhdojm\u00eb t\u00eb punojm\u00eb n\u00eb ngritjen e m\u00ebtejme t\u00eb k\u00ebtij institucioni dhe t\u00eb futbollit kosovar n\u00eb p\u00ebrgjith\u00ebsi.<\/p>\n<p>Me respekt,<br \/>\nEroll Salihu<\/p>\n","protected":false},"excerpt":{"rendered":"<p>\u00cbsht\u00eb e v\u00ebshtir\u00eb t\u00eb kuptosh se me \u00e7far\u00eb leht\u00ebsie nj\u00eb portal, gazet\u00eb apo medium tjet\u00ebr p\u00ebrhap nj\u00eb lajm t\u00eb rrem\u00eb e t\u00eb fabrikuar p\u00ebr nj\u00eb politikan, k\u00ebng\u00ebtar, sportist apo kushdoqoft\u00eb tjet\u00ebr, duke harruar se ai \u00ebsht\u00eb nj\u00eb njeri familjar, me f\u00ebmij\u00eb, me prind\u00ebr, me v\u00ebllez\u00ebr e motra. Q\u00ebllimi i tyre \u00ebsht\u00eb thjesht t\u00eb shantazhojn\u00eb nj\u00eb [&hellip;]<\/p>\n","protected":false},"author":1,"featured_media":93194,"comment_status":"closed","ping_status":"closed","sticky":false,"template":"","format":"standard","meta":{"footnotes":""},"categories":[7],"tags":[],"class_list":{"0":"post-93193","1":"post","2":"type-post","3":"status-publish","4":"format-standard","5":"has-post-thumbnail","7":"category-sports"},"_links":{"self":[{"href":"https:\/\/radiostargjilan.com\/web\/wp-json\/wp\/v2\/posts\/93193","targetHints":{"allow":["GET"]}}],"collection":[{"href":"https:\/\/radiostargjilan.com\/web\/wp-json\/wp\/v2\/posts"}],"about":[{"href":"https:\/\/radiostargjilan.com\/web\/wp-json\/wp\/v2\/types\/post"}],"author":[{"embeddable":true,"href":"https:\/\/radiostargjilan.com\/web\/wp-json\/wp\/v2\/users\/1"}],"replies":[{"embeddable":true,"href":"https:\/\/radiostargjilan.com\/web\/wp-json\/wp\/v2\/comments?post=93193"}],"version-history":[{"count":0,"href":"https:\/\/radiostargjilan.com\/web\/wp-json\/wp\/v2\/posts\/93193\/revisions"}],"wp:featuredmedia":[{"embeddable":true,"href":"https:\/\/radiostargjilan.com\/web\/wp-json\/wp\/v2\/media\/93194"}],"wp:attachment":[{"href":"https:\/\/radiostargjilan.com\/web\/wp-json\/wp\/v2\/media?parent=93193"}],"wp:term":[{"taxonomy":"category","embeddable":true,"href":"https:\/\/radiostargjilan.com\/web\/wp-json\/wp\/v2\/categories?post=93193"},{"taxonomy":"post_tag","embeddable":true,"href":"https:\/\/radiostargjilan.com\/web\/wp-json\/wp\/v2\/tags?post=93193"}],"curies":[{"name":"wp","href":"https:\/\/api.w.org\/{rel}","templated":true}]}}