{"id":94771,"date":"2021-10-12T22:38:47","date_gmt":"2021-10-12T22:38:47","guid":{"rendered":"https:\/\/radiostargjilan.com\/web\/?p=94771"},"modified":"2021-10-12T22:38:47","modified_gmt":"2021-10-12T22:38:47","slug":"shkk-shpalle-konkurs-per-50-gardiane","status":"publish","type":"post","link":"https:\/\/radiostargjilan.com\/web\/shkk-shpalle-konkurs-per-50-gardiane\/","title":{"rendered":"ShKK shpall\u00eb konkurs p\u00ebr 50 gardian\u00eb"},"content":{"rendered":"<p>Sh\u00ebrbimi Korrektues i Kosov\u00ebs shpall konkurs p\u00ebr Zyrtar Korrektues, 50 (pes\u00ebdhjet\u00eb) vende pune.<\/p>\n<p>Aplikimi p\u00ebr pozit\u00ebn e zyrtar korrektues fillon me dat\u00eb 11.11.2021 dhe do t\u00eb jet\u00eb i hapur deri m\u00eb 25.11.2021, q\u00eb konsiderohet si dit\u00eb e fundit e mbylljes s\u00eb konkursit.<\/p>\n<p>Konkursi i plot\u00eb: https:\/\/shkk.rks-gov.net\/publikimet\/471\/mundesi-punesimi\/471<\/p>\n<p><a href=\"https:\/\/radiostargjilan.com\/web\/wp-content\/uploads\/2021\/10\/5A5FB07D-C648-4E05-9750-F48F5BDDDE00.jpeg\"><img loading=\"lazy\" loading=\"lazy\" decoding=\"async\" src=\"https:\/\/radiostargjilan.com\/web\/wp-content\/uploads\/2021\/10\/5A5FB07D-C648-4E05-9750-F48F5BDDDE00-212x300.jpeg\" alt=\"\" width=\"212\" height=\"300\" class=\"alignnone size-medium wp-image-94772\" srcset=\"https:\/\/radiostargjilan.com\/web\/wp-content\/uploads\/2021\/10\/5A5FB07D-C648-4E05-9750-F48F5BDDDE00-212x300.jpeg 212w, https:\/\/radiostargjilan.com\/web\/wp-content\/uploads\/2021\/10\/5A5FB07D-C648-4E05-9750-F48F5BDDDE00.jpeg 678w\" sizes=\"auto, (max-width: 212px) 100vw, 212px\" \/><\/a><\/p>\n<p><a href=\"https:\/\/radiostargjilan.com\/web\/wp-content\/uploads\/2021\/10\/0FE293FA-19B3-4F6C-B9C3-048191B851BE.jpeg\"><img loading=\"lazy\" loading=\"lazy\" decoding=\"async\" src=\"https:\/\/radiostargjilan.com\/web\/wp-content\/uploads\/2021\/10\/0FE293FA-19B3-4F6C-B9C3-048191B851BE-266x300.jpeg\" alt=\"\" width=\"266\" height=\"300\" class=\"alignnone size-medium wp-image-94773\" srcset=\"https:\/\/radiostargjilan.com\/web\/wp-content\/uploads\/2021\/10\/0FE293FA-19B3-4F6C-B9C3-048191B851BE-266x300.jpeg 266w, https:\/\/radiostargjilan.com\/web\/wp-content\/uploads\/2021\/10\/0FE293FA-19B3-4F6C-B9C3-048191B851BE-768x867.jpeg 768w, https:\/\/radiostargjilan.com\/web\/wp-content\/uploads\/2021\/10\/0FE293FA-19B3-4F6C-B9C3-048191B851BE.jpeg 850w\" sizes=\"auto, (max-width: 266px) 100vw, 266px\" \/><\/a><\/p>\n","protected":false},"excerpt":{"rendered":"<p>Sh\u00ebrbimi Korrektues i Kosov\u00ebs shpall konkurs p\u00ebr Zyrtar Korrektues, 50 (pes\u00ebdhjet\u00eb) vende pune. Aplikimi p\u00ebr pozit\u00ebn e zyrtar korrektues fillon me dat\u00eb 11.11.2021 dhe do t\u00eb jet\u00eb i hapur deri m\u00eb 25.11.2021, q\u00eb konsiderohet si dit\u00eb e fundit e mbylljes s\u00eb konkursit. Konkursi i plot\u00eb: https:\/\/shkk.rks-gov.net\/publikimet\/471\/mundesi-punesimi\/471<\/p>\n","protected":false},"author":1,"featured_media":94774,"comment_status":"closed","ping_status":"closed","sticky":false,"template":"","format":"standard","meta":{"footnotes":""},"categories":[5],"tags":[],"class_list":{"0":"post-94771","1":"post","2":"type-post","3":"status-publish","4":"format-standard","5":"has-post-thumbnail","7":"category-lajme"},"_links":{"self":[{"href":"https:\/\/radiostargjilan.com\/web\/wp-json\/wp\/v2\/posts\/94771","targetHints":{"allow":["GET"]}}],"collection":[{"href":"https:\/\/radiostargjilan.com\/web\/wp-json\/wp\/v2\/posts"}],"about":[{"href":"https:\/\/radiostargjilan.com\/web\/wp-json\/wp\/v2\/types\/post"}],"author":[{"embeddable":true,"href":"https:\/\/radiostargjilan.com\/web\/wp-json\/wp\/v2\/users\/1"}],"replies":[{"embeddable":true,"href":"https:\/\/radiostargjilan.com\/web\/wp-json\/wp\/v2\/comments?post=94771"}],"version-history":[{"count":0,"href":"https:\/\/radiostargjilan.com\/web\/wp-json\/wp\/v2\/posts\/94771\/revisions"}],"wp:featuredmedia":[{"embeddable":true,"href":"https:\/\/radiostargjilan.com\/web\/wp-json\/wp\/v2\/media\/94774"}],"wp:attachment":[{"href":"https:\/\/radiostargjilan.com\/web\/wp-json\/wp\/v2\/media?parent=94771"}],"wp:term":[{"taxonomy":"category","embeddable":true,"href":"https:\/\/radiostargjilan.com\/web\/wp-json\/wp\/v2\/categories?post=94771"},{"taxonomy":"post_tag","embeddable":true,"href":"https:\/\/radiostargjilan.com\/web\/wp-json\/wp\/v2\/tags?post=94771"}],"curies":[{"name":"wp","href":"https:\/\/api.w.org\/{rel}","templated":true}]}}