{"id":94963,"date":"2021-10-13T20:17:18","date_gmt":"2021-10-13T20:17:18","guid":{"rendered":"https:\/\/radiostargjilan.com\/web\/?p=94963"},"modified":"2021-10-13T20:17:18","modified_gmt":"2021-10-13T20:17:18","slug":"gani-neziri-kandidati-i-pavarur-per-kryetar-te-komunes-se-gjilanit-planprogrami-pjese-te-shkurtra","status":"publish","type":"post","link":"https:\/\/radiostargjilan.com\/web\/gani-neziri-kandidati-i-pavarur-per-kryetar-te-komunes-se-gjilanit-planprogrami-pjese-te-shkurtra\/","title":{"rendered":"Gani Neziri, Kandidati i Pavarur p\u00ebr Kryetar t\u00eb Komun\u00ebs s\u00eb Gjilanit &#8211; PLANPROGRAMI &#8211; Pjes\u00eb t\u00eb shkurtra"},"content":{"rendered":"<p>Shtylla I: ARSIMI, baza e nd\u00ebrgjegjes komb\u00ebtare<\/p>\n<p>Shtat\u00eb pikat baz\u00eb t\u00eb organizimit:<\/p>\n<p>1. M\u00eb shum\u00eb se sa dyfishimi i institucioneve parashkollore q\u00eb aktualisht i ka Gjilani. Nga kat\u00ebr n\u00eb dhjet\u00eb.<\/p>\n<p>2. Duhet t\u00eb merren t\u00eb gjitha masat q\u00eb n\u00eb t\u00eb gjitha shkollat fillore t\u00eb rritet koha e or\u00ebs m\u00ebsimore nga 40 n\u00eb 45 minuta. Mund\u00ebsit\u00eb jan\u00eb edhe sot, nuk ka nevoj\u00eb p\u00ebr objekte t\u00eb reja, ve\u00e7se duhet nj\u00eb organizim m\u00eb i v\u00ebmendsh\u00ebm. Duke vler\u00ebsuar Shkoll\u00ebn e Mesme t\u00eb Mjek\u00ebsis\u00eb e cila do t\u00eb ishte mir\u00eb t\u00eb nd\u00ebrtohet n\u00eb oborrin e Spitalit Regjional.<\/p>\n<p>3. Shkollat e mesme profesionale duhet t\u00eb rifreskohen me profile t\u00eb reja, gjithmon\u00eb n\u00eb p\u00ebrputhje me tregun e pun\u00ebs dhe nd\u00ebrmarrjet private prodhuese si baz\u00eb e zhvillimit ekonomik t\u00eb komun\u00ebs. Kjo form\u00eb pune nd\u00ebrpret emigrimin e rinis\u00eb.<\/p>\n<p>4. Politika duhet t\u00eb krijoj\u00eb kushte t\u00eb mira p\u00ebr arsimim sa m\u00eb cil\u00ebsor, por jo edhe t\u00eb p\u00ebrzihet n\u00eb politik\u00ebn e brendshme arsimore.<br \/>\n&#8211; Kryetari i Komun\u00ebs zgjedh Drejtorin e Drejtoris\u00eb s\u00eb arsimit si bashk\u00ebpun\u00ebtorin e par\u00eb profesional, por jo t\u00eb p\u00ebrzihet n\u00eb zgjedhjen e drejtor\u00ebve n\u00eb shkolla fillore e t\u00eb mesme.<br \/>\n&#8211; Zgjedhja e drejtor\u00ebve t\u00eb shkollave mbetet detyr\u00eb krejt\u00ebsisht e lir\u00eb e Drejtorit t\u00eb Drejtoris\u00eb s\u00eb Arsimit, n\u00eb bashk\u00ebpunim me kolektivin e shkoll\u00ebs. Jan\u00eb kolektivi i shkoll\u00ebs ata q\u00eb e din\u00eb m\u00eb s\u00eb miri p\u00ebr pun\u00ebn dhe p\u00ebrkushtimin e secilit nga kandidat\u00ebt p\u00ebr drejtor\u00eb q\u00eb dalin nga baza e atij kolektivi.<br \/>\n5.   Secila shkoll\u00eb fillore dhe e mesme duhet t\u00eb ket\u00eb psikologun shkollor. Sidomos tani, me rritjen e nevoj\u00ebs p\u00ebr pun\u00eb akoma m\u00eb t\u00eb shtuar pas gjendjes s\u00eb Covid19<\/p>\n<p>6.   Drejtoria e Arsimit do t\u00eb organizoj\u00eb aktivitete t\u00eb lira dhe forma t\u00eb aksioneve kolektive p\u00ebr \u00e7do fest\u00eb komb\u00ebtare e shtet\u00ebrore p\u00ebr humanizmin e ambientit publik duke mbjell\u00eb pem\u00eb, pastruar lumenjt\u00eb  dhe hap\u00ebsira t\u00eb tjera nga mbeturinat, ashtu si rasti i Erion Veliajt, Kryetar i Bashkis\u00eb s\u00eb Tiran\u00ebs.<\/p>\n<p>7.   Ditari shkollor elektronik, nevoj\u00eb e koh\u00ebs dhe leht\u00eb mund t\u00eb b\u00ebhet.<\/p>\n<p>PRANDAJ, KAM NEVOJ\u00cb P\u00cbR VOT\u00cbN E STRUKTUR\u00cbS ARSIMORE, POR EDHE E MERITOJ AT\u00cb.<br \/>\nKam nevoj\u00eb dhe e meritoj vot\u00ebn e tyre, sepse, jam nga politikan\u00ebt e rrall\u00eb q\u00eb thell\u00eb n\u00eb nd\u00ebrdijen time e mendoj se; Struktura arsimore dhe ajo kulturore jan\u00eb baza e nd\u00ebrgjegjes dhe kultur\u00ebs komb\u00ebtare.<\/p>\n","protected":false},"excerpt":{"rendered":"<p>Shtylla I: ARSIMI, baza e nd\u00ebrgjegjes komb\u00ebtare Shtat\u00eb pikat baz\u00eb t\u00eb organizimit: 1. M\u00eb shum\u00eb se sa dyfishimi i institucioneve parashkollore q\u00eb aktualisht i ka Gjilani. Nga kat\u00ebr n\u00eb dhjet\u00eb. 2. Duhet t\u00eb merren t\u00eb gjitha masat q\u00eb n\u00eb t\u00eb gjitha shkollat fillore t\u00eb rritet koha e or\u00ebs m\u00ebsimore nga 40 n\u00eb 45 minuta. Mund\u00ebsit\u00eb [&hellip;]<\/p>\n","protected":false},"author":1,"featured_media":94964,"comment_status":"closed","ping_status":"closed","sticky":false,"template":"","format":"standard","meta":{"footnotes":""},"categories":[5],"tags":[],"class_list":{"0":"post-94963","1":"post","2":"type-post","3":"status-publish","4":"format-standard","5":"has-post-thumbnail","7":"category-lajme"},"_links":{"self":[{"href":"https:\/\/radiostargjilan.com\/web\/wp-json\/wp\/v2\/posts\/94963","targetHints":{"allow":["GET"]}}],"collection":[{"href":"https:\/\/radiostargjilan.com\/web\/wp-json\/wp\/v2\/posts"}],"about":[{"href":"https:\/\/radiostargjilan.com\/web\/wp-json\/wp\/v2\/types\/post"}],"author":[{"embeddable":true,"href":"https:\/\/radiostargjilan.com\/web\/wp-json\/wp\/v2\/users\/1"}],"replies":[{"embeddable":true,"href":"https:\/\/radiostargjilan.com\/web\/wp-json\/wp\/v2\/comments?post=94963"}],"version-history":[{"count":0,"href":"https:\/\/radiostargjilan.com\/web\/wp-json\/wp\/v2\/posts\/94963\/revisions"}],"wp:featuredmedia":[{"embeddable":true,"href":"https:\/\/radiostargjilan.com\/web\/wp-json\/wp\/v2\/media\/94964"}],"wp:attachment":[{"href":"https:\/\/radiostargjilan.com\/web\/wp-json\/wp\/v2\/media?parent=94963"}],"wp:term":[{"taxonomy":"category","embeddable":true,"href":"https:\/\/radiostargjilan.com\/web\/wp-json\/wp\/v2\/categories?post=94963"},{"taxonomy":"post_tag","embeddable":true,"href":"https:\/\/radiostargjilan.com\/web\/wp-json\/wp\/v2\/tags?post=94963"}],"curies":[{"name":"wp","href":"https:\/\/api.w.org\/{rel}","templated":true}]}}