{"id":94970,"date":"2021-10-13T20:26:05","date_gmt":"2021-10-13T20:26:05","guid":{"rendered":"https:\/\/radiostargjilan.com\/web\/?p=94970"},"modified":"2021-10-13T20:26:05","modified_gmt":"2021-10-13T20:26:05","slug":"do-te-krijojme-kushte-me-te-favorshme-per-bizneset-dhe-per-punetoret","status":"publish","type":"post","link":"https:\/\/radiostargjilan.com\/web\/do-te-krijojme-kushte-me-te-favorshme-per-bizneset-dhe-per-punetoret\/","title":{"rendered":"Do t\u00eb krijojm\u00eb kushte m\u00eb t\u00eb favorshme p\u00ebr bizneset dhe p\u00ebr pun\u00ebtor\u00ebt"},"content":{"rendered":"<p>Sot, vizituam fabrik\u00ebn e ujit \u201cDea\u201d, ku u njoftuam nga af\u00ebr me veprimtarin\u00eb e tyre.<\/p>\n<p>Kryetari Alban Hyseni prezantoi pjes\u00eb nga programi qeveris\u00ebs, me theks t\u00eb ve\u00e7ant\u00eb nga programi ekonomik, n\u00eb t\u00eb cilin zotohemi se do t\u00eb krijojm\u00eb infrastruktur\u00ebn e nevojshme q\u00eb bizneset t\u00eb shfryt\u00ebzojn\u00eb gjith\u00eb potencialin e tyre dhe t\u00eb krijojm\u00eb nj\u00eb ambient q\u00eb pun\u00ebtor\u00ebve i ofron kushte m\u00eb t\u00eb mira n\u00eb pun\u00eb e paga m\u00eb t\u00eb dinjitetshme.<\/p>\n<p>#p\u00ebrt\u00ebgjithashtresat<br \/>\nwww.albanhyseni.com<\/p>\n","protected":false},"excerpt":{"rendered":"<p>Sot, vizituam fabrik\u00ebn e ujit \u201cDea\u201d, ku u njoftuam nga af\u00ebr me veprimtarin\u00eb e tyre. Kryetari Alban Hyseni prezantoi pjes\u00eb nga programi qeveris\u00ebs, me theks t\u00eb ve\u00e7ant\u00eb nga programi ekonomik, n\u00eb t\u00eb cilin zotohemi se do t\u00eb krijojm\u00eb infrastruktur\u00ebn e nevojshme q\u00eb bizneset t\u00eb shfryt\u00ebzojn\u00eb gjith\u00eb potencialin e tyre dhe t\u00eb krijojm\u00eb nj\u00eb ambient q\u00eb [&hellip;]<\/p>\n","protected":false},"author":1,"featured_media":94971,"comment_status":"closed","ping_status":"closed","sticky":false,"template":"","format":"standard","meta":{"footnotes":""},"categories":[17],"tags":[],"class_list":{"0":"post-94970","1":"post","2":"type-post","3":"status-publish","4":"format-standard","5":"has-post-thumbnail","7":"category-zgjedhjet-komunale-2021"},"_links":{"self":[{"href":"https:\/\/radiostargjilan.com\/web\/wp-json\/wp\/v2\/posts\/94970","targetHints":{"allow":["GET"]}}],"collection":[{"href":"https:\/\/radiostargjilan.com\/web\/wp-json\/wp\/v2\/posts"}],"about":[{"href":"https:\/\/radiostargjilan.com\/web\/wp-json\/wp\/v2\/types\/post"}],"author":[{"embeddable":true,"href":"https:\/\/radiostargjilan.com\/web\/wp-json\/wp\/v2\/users\/1"}],"replies":[{"embeddable":true,"href":"https:\/\/radiostargjilan.com\/web\/wp-json\/wp\/v2\/comments?post=94970"}],"version-history":[{"count":0,"href":"https:\/\/radiostargjilan.com\/web\/wp-json\/wp\/v2\/posts\/94970\/revisions"}],"wp:featuredmedia":[{"embeddable":true,"href":"https:\/\/radiostargjilan.com\/web\/wp-json\/wp\/v2\/media\/94971"}],"wp:attachment":[{"href":"https:\/\/radiostargjilan.com\/web\/wp-json\/wp\/v2\/media?parent=94970"}],"wp:term":[{"taxonomy":"category","embeddable":true,"href":"https:\/\/radiostargjilan.com\/web\/wp-json\/wp\/v2\/categories?post=94970"},{"taxonomy":"post_tag","embeddable":true,"href":"https:\/\/radiostargjilan.com\/web\/wp-json\/wp\/v2\/tags?post=94970"}],"curies":[{"name":"wp","href":"https:\/\/api.w.org\/{rel}","templated":true}]}}