{"id":94979,"date":"2021-10-13T20:55:57","date_gmt":"2021-10-13T20:55:57","guid":{"rendered":"https:\/\/radiostargjilan.com\/web\/?p=94979"},"modified":"2021-10-13T20:55:57","modified_gmt":"2021-10-13T20:55:57","slug":"ndertimi-i-stadiumit-qe-i-permbush-kriteret-e-uefa-se-eshte-i-domosdoshem","status":"publish","type":"post","link":"https:\/\/radiostargjilan.com\/web\/ndertimi-i-stadiumit-qe-i-permbush-kriteret-e-uefa-se-eshte-i-domosdoshem\/","title":{"rendered":"Nd\u00ebrtimi i stadiumit q\u00eb i p\u00ebrmbush kriteret e UEFA-s\u00eb \u00ebsht\u00eb i domosdosh\u00ebm"},"content":{"rendered":"<p>Bashk\u00eb me Skifterat sot diskutuam p\u00ebr urgjenc\u00ebn e nd\u00ebrtimit t\u00eb stadiumit t\u00eb qytetit. Derbit q\u00eb realizohen n\u00eb Gjilan jan\u00eb nga me t\u00eb njohurat, e paisja e qytetit me nj\u00eb stadium q\u00eb p\u00ebrmbush\u00eb kriteret e UEFA-s \u00ebsht\u00eb m\u00eb se i nevojsh\u00ebm p\u00ebr mb\u00ebshtetjen e sportist\u00ebve tan\u00eb q\u00eb na b\u00ebjn\u00eb krenar\u00eb me performanc\u00ebn e tyre. <\/p>\n<p>Gjat\u00eb qeverisjes son\u00eb ne do t\u00eb kujdesemi q\u00eb sporti e sportist\u00ebt e dalluar t\u00eb ken\u00eb mb\u00ebshtetje t\u00eb vazhdueshme. E p\u00ebr t\u00eb promovuar sportin n\u00eb komun\u00ebn ton\u00eb, ne kemi planifikuar q\u00eb brenda mandatit 4 vje\u00e7ar t\u00eb nd\u00ebrtojm\u00eb terene sportive n\u00eb t\u00eb gjitha lagjet e fshatrat e qytetit. <\/p>\n<p>Numri 144 \u00ebsht\u00eb p\u00ebr t\u00eb gjith\u00eb sportist\u00ebt.<\/p>\n<p>www.albanhyseni.com<\/p>\n","protected":false},"excerpt":{"rendered":"<p>Bashk\u00eb me Skifterat sot diskutuam p\u00ebr urgjenc\u00ebn e nd\u00ebrtimit t\u00eb stadiumit t\u00eb qytetit. Derbit q\u00eb realizohen n\u00eb Gjilan jan\u00eb nga me t\u00eb njohurat, e paisja e qytetit me nj\u00eb stadium q\u00eb p\u00ebrmbush\u00eb kriteret e UEFA-s \u00ebsht\u00eb m\u00eb se i nevojsh\u00ebm p\u00ebr mb\u00ebshtetjen e sportist\u00ebve tan\u00eb q\u00eb na b\u00ebjn\u00eb krenar\u00eb me performanc\u00ebn e tyre. Gjat\u00eb qeverisjes [&hellip;]<\/p>\n","protected":false},"author":1,"featured_media":94980,"comment_status":"closed","ping_status":"closed","sticky":false,"template":"","format":"standard","meta":{"footnotes":""},"categories":[17],"tags":[],"class_list":{"0":"post-94979","1":"post","2":"type-post","3":"status-publish","4":"format-standard","5":"has-post-thumbnail","7":"category-zgjedhjet-komunale-2021"},"_links":{"self":[{"href":"https:\/\/radiostargjilan.com\/web\/wp-json\/wp\/v2\/posts\/94979","targetHints":{"allow":["GET"]}}],"collection":[{"href":"https:\/\/radiostargjilan.com\/web\/wp-json\/wp\/v2\/posts"}],"about":[{"href":"https:\/\/radiostargjilan.com\/web\/wp-json\/wp\/v2\/types\/post"}],"author":[{"embeddable":true,"href":"https:\/\/radiostargjilan.com\/web\/wp-json\/wp\/v2\/users\/1"}],"replies":[{"embeddable":true,"href":"https:\/\/radiostargjilan.com\/web\/wp-json\/wp\/v2\/comments?post=94979"}],"version-history":[{"count":0,"href":"https:\/\/radiostargjilan.com\/web\/wp-json\/wp\/v2\/posts\/94979\/revisions"}],"wp:featuredmedia":[{"embeddable":true,"href":"https:\/\/radiostargjilan.com\/web\/wp-json\/wp\/v2\/media\/94980"}],"wp:attachment":[{"href":"https:\/\/radiostargjilan.com\/web\/wp-json\/wp\/v2\/media?parent=94979"}],"wp:term":[{"taxonomy":"category","embeddable":true,"href":"https:\/\/radiostargjilan.com\/web\/wp-json\/wp\/v2\/categories?post=94979"},{"taxonomy":"post_tag","embeddable":true,"href":"https:\/\/radiostargjilan.com\/web\/wp-json\/wp\/v2\/tags?post=94979"}],"curies":[{"name":"wp","href":"https:\/\/api.w.org\/{rel}","templated":true}]}}