{"id":95045,"date":"2021-10-14T13:26:37","date_gmt":"2021-10-14T13:26:37","guid":{"rendered":"https:\/\/radiostargjilan.com\/web\/?p=95045"},"modified":"2021-10-14T13:26:37","modified_gmt":"2021-10-14T13:26:37","slug":"zps-thote-se-gjate-tetorit-nuk-eshte-ne-gjendje-te-paraqese-dosjen-paraprake-ne-rastin-e-thacit-e-te-tjereve","status":"publish","type":"post","link":"https:\/\/radiostargjilan.com\/web\/zps-thote-se-gjate-tetorit-nuk-eshte-ne-gjendje-te-paraqese-dosjen-paraprake-ne-rastin-e-thacit-e-te-tjereve\/","title":{"rendered":"ZPS thot\u00eb se gjat\u00eb tetorit nuk \u00ebsht\u00eb n\u00eb gjendje t\u00eb paraqes\u00eb dosjen paraprake n\u00eb rastin e Tha\u00e7it e t\u00eb tjer\u00ebve"},"content":{"rendered":"<p>Zyra e Prokurorit t\u00eb Specializuar (ZPS), p\u00ebrmes nj\u00eb parashtrese drejtuar gjyqtarit t\u00eb procedur\u00ebs paraprake, Nicolas Guillou, ka b\u00ebr\u00eb t\u00eb ditur se gjat\u00eb tetorit nuk \u00ebsht\u00eb n\u00eb gjendje t\u00eb paraqes dosjen paraprake n\u00eb rastin ndaj Hashim Tha\u00e7it, Kadri Veselit, Rexhep Selimit dhe Jakup Krasniqit.<\/p>\n<p>Ata kan\u00eb b\u00ebr\u00eb t\u00eb ditur se dosjen paraprake do t\u00eb ishin n\u00eb gjendje ta paraqesin m\u00eb 17 dhjetor 2021, raporton \u201cBetimi p\u00ebr Drejt\u00ebsi\u201d.<\/p>\n<p>\u201cZPS k\u00ebrkon q\u00eb, n\u00ebse gjykat\u00ebsi i procedur\u00ebs paraprake ka parasysh q\u00eb t\u00eb caktoj\u00eb afatin p\u00ebr paraqitjen e dosjes paraprake m\u00eb 17 dhjetor 2021, q\u00eb afati i fundit p\u00ebr dor\u00ebzimin e tabel\u00ebs s\u00eb Rregull\u00ebs 109 (c) t\u00eb caktohet p\u00ebr 28 janar 2021. Ose, n\u00ebse afati p\u00ebr paraqitje t\u00eb dat\u00ebs paraprake caktohet p\u00ebr ndonj\u00eb dat\u00eb tjet\u00ebr, ZPS k\u00ebrkon nj\u00eb minimum prej 30 dit\u00ebsh nga ajo dat\u00eb p\u00ebr paraqitjen e tabel\u00ebs s\u00eb Rregull\u00ebs 109 (c)\u201d, thuhet n\u00eb k\u00ebt\u00eb parashtres\u00eb.<\/p>\n<p>Ndryshe, m\u00eb 9 n\u00ebntor, n\u00eb paraqitjet e tyre t\u00eb para, Jakup Krasniqi e Hashim Tha\u00e7i jan\u00eb deklaruar t\u00eb pafajsh\u00ebm p\u00ebr akuzat q\u00eb u vihen n\u00eb barr\u00eb.<\/p>\n<p>Nj\u00ebjt\u00eb \u00ebsht\u00eb deklaruar edhe Veseli n\u00eb paraqitjen e tij me 10 n\u00ebntor, sikurse edhe Selimi me 11 n\u00ebntor.<\/p>\n<p>Aktakuza ndaj Hashim Tha\u00e7it, Kadri Veselit, Rexhep Selimit dhe Jakup Krasniqit \u00ebsht\u00eb konfirmuar m\u00eb 26 tetor 2020.<\/p>\n<p>Sipas akuz\u00ebs, s\u00eb paku midis marsit 1998 deri n\u00eb shtator 1999, Hashim Tha\u00e7i, Kadri Veseli, Rexhep Selimi, Jakup Krasniqi dhe an\u00ebtar\u00eb t\u00eb tjer\u00eb t\u00eb nd\u00ebrmarrjes kriminale t\u00eb p\u00ebrbashk\u00ebt kishin q\u00ebllimin e p\u00ebrbashk\u00ebt p\u00ebr t\u00eb siguruar dhe ushtruar kontroll mbi t\u00eb gjith\u00eb Kosov\u00ebn p\u00ebrmes metodave q\u00eb p\u00ebrfshinin frik\u00ebsimin, keqtrajtimin, ushtrimin e dhun\u00ebs dhe eliminimin e paligjsh\u00ebm t\u00eb atyre q\u00eb konsideroheshin si kund\u00ebrshtar\u00eb.<\/p>\n<p>\u201cNd\u00ebr k\u00ebta kund\u00ebrshtar\u00eb p\u00ebrfshiheshin persona q\u00eb ishin, ose q\u00eb konsideroheshin se kishin qen\u00eb: (a) bashk\u00ebpun\u00ebtor\u00eb ose t\u00eb lidhur me forca, zyrtar\u00eb ose institucione shtet\u00ebrore t\u00eb RFJ-s\u00eb, ose q\u00eb (b) ndryshe nuk mb\u00ebshtetnin q\u00ebllimet ose metodat e U\u00c7K-s\u00eb dhe m\u00eb von\u00eb t\u00eb QPK-s\u00eb, nd\u00ebr t\u00eb cil\u00ebt persona t\u00eb lidhur me LDK-n\u00eb dhe serb\u00eb, rom\u00eb dhe persona t\u00eb komb\u00ebsive t\u00eb tjera (bashk\u00ebrisht, \u2018kund\u00ebrshtar\u00ebt\u2019). Ky q\u00ebllim i p\u00ebrbashk\u00ebt p\u00ebrfshinte krimet e p\u00ebrndjekjes, burgosjes, arrestimit dhe ndalimit arbitrar ose t\u00eb paligjsh\u00ebm, akte t\u00eb tjera \u00e7njer\u00ebzore, trajtimin mizor, tortur\u00ebn, vrasjen dhe zhdukjen me forc\u00eb t\u00eb personave\u201d, thuhet n\u00eb aktakuz\u00eb.<\/p>\n<p>Tutje, n\u00eb aktakuz\u00eb p\u00ebrmenden edhe Azem Syla, Lahi Brahimaj, Fatmir Limaj, Sylejman Selimi, Rrustem Mustafa, Shukri Buja, Latif Gashi dhe Sabit Geci.<\/p>\n<p>Sipas aktakuz\u00ebs, t\u00eb akuzuarit bashk\u00eb me udh\u00ebheq\u00ebsit tjer\u00eb t\u00eb U\u00c7K-s\u00eb kontribuuan n\u00eb arritjen e q\u00ebllimit t p\u00ebrbashk\u00ebt.<\/p>\n<p>\u201cSi alternativ\u00eb, disa ose t\u00eb gjith\u00eb k\u00ebta individ\u00eb nuk ishin an\u00ebtar\u00eb t\u00eb nd\u00ebrmarrjes kriminale t\u00eb p\u00ebrbashk\u00ebt, por u p\u00ebrdor\u00ebn nga an\u00ebtar\u00eb t\u00eb nd\u00ebrmarrjes kriminale t\u00eb p\u00ebrbashk\u00ebt p\u00ebr t\u00eb kryer krime p\u00ebr realizimin e q\u00ebllimit t\u00eb p\u00ebrbashk\u00ebt (s\u00eb bashku me an\u00ebtar\u00ebt e NKP-s\u00eb, bashk\u00ebrisht \u2018an\u00ebtar\u00ebt dhe instrumentet e NKP-s\u00eb\u2019)\u201d, thot\u00eb akti akuzues. \/Betimip\u00ebrDrejt\u00ebsi<\/p>\n<p>She\u0308nim: Personat e pe\u0308rmendur ne\u0308 ke\u0308te\u0308 artikull konsiderohen t\u00eb pafajshe\u0308m, pe\u0308rvec\u0327 ne\u0308se nga gjykata ve\u0308rtetohet se jan\u00eb fajtore\u0308 me vendim te\u0308 forme\u0308s se\u0308 prere\u0308.<\/p>\n","protected":false},"excerpt":{"rendered":"<p>Zyra e Prokurorit t\u00eb Specializuar (ZPS), p\u00ebrmes nj\u00eb parashtrese drejtuar gjyqtarit t\u00eb procedur\u00ebs paraprake, Nicolas Guillou, ka b\u00ebr\u00eb t\u00eb ditur se gjat\u00eb tetorit nuk \u00ebsht\u00eb n\u00eb gjendje t\u00eb paraqes dosjen paraprake n\u00eb rastin ndaj Hashim Tha\u00e7it, Kadri Veselit, Rexhep Selimit dhe Jakup Krasniqit. Ata kan\u00eb b\u00ebr\u00eb t\u00eb ditur se dosjen paraprake do t\u00eb ishin n\u00eb [&hellip;]<\/p>\n","protected":false},"author":1,"featured_media":95046,"comment_status":"closed","ping_status":"closed","sticky":false,"template":"","format":"standard","meta":{"footnotes":""},"categories":[5],"tags":[],"class_list":{"0":"post-95045","1":"post","2":"type-post","3":"status-publish","4":"format-standard","5":"has-post-thumbnail","7":"category-lajme"},"_links":{"self":[{"href":"https:\/\/radiostargjilan.com\/web\/wp-json\/wp\/v2\/posts\/95045","targetHints":{"allow":["GET"]}}],"collection":[{"href":"https:\/\/radiostargjilan.com\/web\/wp-json\/wp\/v2\/posts"}],"about":[{"href":"https:\/\/radiostargjilan.com\/web\/wp-json\/wp\/v2\/types\/post"}],"author":[{"embeddable":true,"href":"https:\/\/radiostargjilan.com\/web\/wp-json\/wp\/v2\/users\/1"}],"replies":[{"embeddable":true,"href":"https:\/\/radiostargjilan.com\/web\/wp-json\/wp\/v2\/comments?post=95045"}],"version-history":[{"count":0,"href":"https:\/\/radiostargjilan.com\/web\/wp-json\/wp\/v2\/posts\/95045\/revisions"}],"wp:featuredmedia":[{"embeddable":true,"href":"https:\/\/radiostargjilan.com\/web\/wp-json\/wp\/v2\/media\/95046"}],"wp:attachment":[{"href":"https:\/\/radiostargjilan.com\/web\/wp-json\/wp\/v2\/media?parent=95045"}],"wp:term":[{"taxonomy":"category","embeddable":true,"href":"https:\/\/radiostargjilan.com\/web\/wp-json\/wp\/v2\/categories?post=95045"},{"taxonomy":"post_tag","embeddable":true,"href":"https:\/\/radiostargjilan.com\/web\/wp-json\/wp\/v2\/tags?post=95045"}],"curies":[{"name":"wp","href":"https:\/\/api.w.org\/{rel}","templated":true}]}}