{"id":95048,"date":"2021-10-14T13:28:35","date_gmt":"2021-10-14T13:28:35","guid":{"rendered":"https:\/\/radiostargjilan.com\/web\/?p=95048"},"modified":"2021-10-14T13:28:35","modified_gmt":"2021-10-14T13:28:35","slug":"vetevendosje-ne-gjilan-taksistet-e-komunes-tone-perkrahes-te-ndryshimit","status":"publish","type":"post","link":"https:\/\/radiostargjilan.com\/web\/vetevendosje-ne-gjilan-taksistet-e-komunes-tone-perkrahes-te-ndryshimit\/","title":{"rendered":"Vet\u00ebvendosje n\u00eb Gjilan: Taksist\u00ebt e komun\u00ebs ton\u00eb, p\u00ebrkrah\u00ebs t\u00eb ndryshimit!"},"content":{"rendered":"<p>Sot vizituam taksist\u00ebt e kompanis\u00eb &#8220;Luli&#8221;, ku u njoftuam nga af\u00ebr me pun\u00ebn e tyre, kushtet e tyre t\u00eb pun\u00ebs, mosp\u00ebrkrahjen nga komuna, si dhe shqet\u00ebsime t\u00eb tjera q\u00eb i preokupojn\u00eb ata. <\/p>\n<p>Kryetari Alban Hyseni, bashk\u00eb me deputet\u00ebt Arijeta Rexhepi e Luan Aliu, u zotuan se pas 17 tetorit, kur t\u00eb nd\u00ebrrohet qeverisja, do t\u00eb nd\u00ebrrohet edhe mend\u00ebsia e saj. Do krijohen mekanizma n\u00eb institucionet komunale, t\u00eb cilat krijojn\u00eb mund\u00ebsi t\u00eb reja dhe garantojn\u00eb respektimin e dinjitetit t\u00eb pun\u00ebtorit. Bashk\u00eb qeverisim, p\u00ebr nj\u00eb Gjilan ndryshe. <\/p>\n","protected":false},"excerpt":{"rendered":"<p>Sot vizituam taksist\u00ebt e kompanis\u00eb &#8220;Luli&#8221;, ku u njoftuam nga af\u00ebr me pun\u00ebn e tyre, kushtet e tyre t\u00eb pun\u00ebs, mosp\u00ebrkrahjen nga komuna, si dhe shqet\u00ebsime t\u00eb tjera q\u00eb i preokupojn\u00eb ata. Kryetari Alban Hyseni, bashk\u00eb me deputet\u00ebt Arijeta Rexhepi e Luan Aliu, u zotuan se pas 17 tetorit, kur t\u00eb nd\u00ebrrohet qeverisja, do t\u00eb [&hellip;]<\/p>\n","protected":false},"author":1,"featured_media":95049,"comment_status":"closed","ping_status":"closed","sticky":false,"template":"","format":"standard","meta":{"footnotes":""},"categories":[17],"tags":[],"class_list":{"0":"post-95048","1":"post","2":"type-post","3":"status-publish","4":"format-standard","5":"has-post-thumbnail","7":"category-zgjedhjet-komunale-2021"},"_links":{"self":[{"href":"https:\/\/radiostargjilan.com\/web\/wp-json\/wp\/v2\/posts\/95048","targetHints":{"allow":["GET"]}}],"collection":[{"href":"https:\/\/radiostargjilan.com\/web\/wp-json\/wp\/v2\/posts"}],"about":[{"href":"https:\/\/radiostargjilan.com\/web\/wp-json\/wp\/v2\/types\/post"}],"author":[{"embeddable":true,"href":"https:\/\/radiostargjilan.com\/web\/wp-json\/wp\/v2\/users\/1"}],"replies":[{"embeddable":true,"href":"https:\/\/radiostargjilan.com\/web\/wp-json\/wp\/v2\/comments?post=95048"}],"version-history":[{"count":0,"href":"https:\/\/radiostargjilan.com\/web\/wp-json\/wp\/v2\/posts\/95048\/revisions"}],"wp:featuredmedia":[{"embeddable":true,"href":"https:\/\/radiostargjilan.com\/web\/wp-json\/wp\/v2\/media\/95049"}],"wp:attachment":[{"href":"https:\/\/radiostargjilan.com\/web\/wp-json\/wp\/v2\/media?parent=95048"}],"wp:term":[{"taxonomy":"category","embeddable":true,"href":"https:\/\/radiostargjilan.com\/web\/wp-json\/wp\/v2\/categories?post=95048"},{"taxonomy":"post_tag","embeddable":true,"href":"https:\/\/radiostargjilan.com\/web\/wp-json\/wp\/v2\/tags?post=95048"}],"curies":[{"name":"wp","href":"https:\/\/api.w.org\/{rel}","templated":true}]}}