{"id":95051,"date":"2021-10-14T14:26:14","date_gmt":"2021-10-14T14:26:14","guid":{"rendered":"https:\/\/radiostargjilan.com\/web\/?p=95051"},"modified":"2021-10-14T14:26:14","modified_gmt":"2021-10-14T14:26:14","slug":"ne-viti-po-mbahet-panairi-per-ruajtjen-e-vlerave-tradicionale","status":"publish","type":"post","link":"https:\/\/radiostargjilan.com\/web\/ne-viti-po-mbahet-panairi-per-ruajtjen-e-vlerave-tradicionale\/","title":{"rendered":"N\u00eb Viti po mbahet Panairi p\u00ebr ruajtjen e vlerave tradicionale"},"content":{"rendered":"<p>\u00cbsht\u00eb hapur sot panairi dy ditor, q\u00eb mbahet p\u00ebr t\u00eb dhjet\u00ebn her\u00eb me radh\u00eb p\u00ebr ruajtjen e vlerave tradicionale, e q\u00eb po organizohet  nga Drejtoria e Bujq\u00ebsis\u00eb, Grupi Lokal i Veprimit \u201cVitia\u201d, dhe organizata IKC. N\u00eb hapjen e k\u00ebtij panairi, kryetarja e Grupit Lokal t\u00eb Veprimit, Fadile Demelezi, theksoi  se GLV-ja  ka filluar veprimtarin\u00eb nga viti 2009, kur u organizua edhe panairi i pare, e q\u00eb p\u00ebr q\u00ebllim kishte t\u00eb ndryshohet imazhi i Komun\u00ebs s\u00eb Vitis\u00eb. \u201cVitia si komun\u00eb dhe rajon me shekuj njihet si kultivuese e vlerave t\u00eb pakrahasueshme tradicionale n\u00eb shum\u00eb fusha, por m\u00eb shum\u00eb njihet p\u00ebr prodhimet bujq\u00ebsore si\u00e7 jan\u00eb kulturat lav\u00ebrtare, pem\u00ebtaria, perim-kultura, bletaria dhe blegtoria, si dhe at\u00eb t\u00eb trash\u00ebgimis\u00eb kulturore. Andaj Organizimi i k\u00ebtij panairi \u00ebsht\u00eb p\u00ebr q\u00ebllimin m\u00eb t\u00eb mir\u00eb q\u00eb k\u00ebto vlera t\u00eb trash\u00ebgohen edhe n\u00eb t\u00eb ardhmen. Organizimi i k\u00ebtij panairi, do t\u00eb ishte i pamundur pa nj\u00eb mb\u00ebshtetje t\u00eb fuqishme t\u00eb institucioneve t\u00eb komun\u00ebs s\u00eb Vitis\u00eb\u201d, ka th\u00ebn\u00eb Demelezi.<\/p>\n<p> N\u00eb ceremonin\u00eb e hapjes s\u00eb k\u00ebtij panairi, morri pjes\u00eb edhe drejtoresha e Bujq\u00ebsis\u00eb, Pylltaris\u00eb dhe Zhvillimit Rural, Arlinda Sahiti, si dhe Agron Arifi  p\u00ebrfaq\u00ebsues i IKC-s\u00eb.<\/p>\n","protected":false},"excerpt":{"rendered":"<p>\u00cbsht\u00eb hapur sot panairi dy ditor, q\u00eb mbahet p\u00ebr t\u00eb dhjet\u00ebn her\u00eb me radh\u00eb p\u00ebr ruajtjen e vlerave tradicionale, e q\u00eb po organizohet nga Drejtoria e Bujq\u00ebsis\u00eb, Grupi Lokal i Veprimit \u201cVitia\u201d, dhe organizata IKC. N\u00eb hapjen e k\u00ebtij panairi, kryetarja e Grupit Lokal t\u00eb Veprimit, Fadile Demelezi, theksoi se GLV-ja ka filluar veprimtarin\u00eb nga [&hellip;]<\/p>\n","protected":false},"author":1,"featured_media":95052,"comment_status":"closed","ping_status":"closed","sticky":false,"template":"","format":"standard","meta":{"footnotes":""},"categories":[5],"tags":[],"class_list":{"0":"post-95051","1":"post","2":"type-post","3":"status-publish","4":"format-standard","5":"has-post-thumbnail","7":"category-lajme"},"_links":{"self":[{"href":"https:\/\/radiostargjilan.com\/web\/wp-json\/wp\/v2\/posts\/95051","targetHints":{"allow":["GET"]}}],"collection":[{"href":"https:\/\/radiostargjilan.com\/web\/wp-json\/wp\/v2\/posts"}],"about":[{"href":"https:\/\/radiostargjilan.com\/web\/wp-json\/wp\/v2\/types\/post"}],"author":[{"embeddable":true,"href":"https:\/\/radiostargjilan.com\/web\/wp-json\/wp\/v2\/users\/1"}],"replies":[{"embeddable":true,"href":"https:\/\/radiostargjilan.com\/web\/wp-json\/wp\/v2\/comments?post=95051"}],"version-history":[{"count":0,"href":"https:\/\/radiostargjilan.com\/web\/wp-json\/wp\/v2\/posts\/95051\/revisions"}],"wp:featuredmedia":[{"embeddable":true,"href":"https:\/\/radiostargjilan.com\/web\/wp-json\/wp\/v2\/media\/95052"}],"wp:attachment":[{"href":"https:\/\/radiostargjilan.com\/web\/wp-json\/wp\/v2\/media?parent=95051"}],"wp:term":[{"taxonomy":"category","embeddable":true,"href":"https:\/\/radiostargjilan.com\/web\/wp-json\/wp\/v2\/categories?post=95051"},{"taxonomy":"post_tag","embeddable":true,"href":"https:\/\/radiostargjilan.com\/web\/wp-json\/wp\/v2\/tags?post=95051"}],"curies":[{"name":"wp","href":"https:\/\/api.w.org\/{rel}","templated":true}]}}