{"id":95211,"date":"2021-10-15T16:02:43","date_gmt":"2021-10-15T14:02:43","guid":{"rendered":"https:\/\/radiostargjilan.com\/web\/?p=95211"},"modified":"2021-10-15T16:02:43","modified_gmt":"2021-10-15T14:02:43","slug":"diplomoi-gjenerata-e-56-te-e-kadeteve-policore-te-policise-se-kosoves","status":"publish","type":"post","link":"https:\/\/radiostargjilan.com\/web\/diplomoi-gjenerata-e-56-te-e-kadeteve-policore-te-policise-se-kosoves\/","title":{"rendered":"Diplomoi gjenerata e 56-t\u00eb e kadet\u00ebve policor\u00eb t\u00eb Policis\u00eb s\u00eb Kosov\u00ebs"},"content":{"rendered":"<p>Sot, m\u00eb dat\u00ebn 15 tetor 2021, diplomoi gjenerata e 56-t\u00eb e kadet\u00ebve policor\u00eb t\u00eb Policis\u00eb s\u00eb Kosov\u00ebs. Duke u bazuar n\u00eb situat\u00ebn aktuale t\u00eb pandemis\u00eb COVID -19, diplomimi \u00ebsht\u00eb b\u00ebr\u00eb n\u00eb  grupe t\u00eb vogla n\u00eb hap\u00ebsirat e akademis\u00eb, i organizuar nga Drejtoria p\u00ebr Trajnime Themelore &#8211; Divizioni i Trajnimeve i Policis\u00eb s\u00eb Kosov\u00ebs.  <\/p>\n<p>N\u00eb k\u00ebt\u00eb ngjarje ka marr\u00eb pjes\u00eb ministri i Pun\u00ebve t\u00eb Brendshme z. Xhelal Sve\u00e7la , drejtori i p\u00ebrgjithsh\u00ebm i Policis\u00eb s\u00eb Kosov\u00ebs, z. Samedin Mehmeti dhe stafi menaxhues, t\u00eb cil\u00ebt vler\u00ebsuan lart\u00eb aktivitetet dhe diplomimin e 197 kadet\u00ebve, tani si polic\u00eb t\u00eb rinj q\u00eb do t\u2019i bashkohen Policis\u00eb s\u00eb Kosov\u00ebs. Kjo do t\u00eb jet\u00eb ndihmes\u00eb e madhe p\u00ebr pun\u00ebn n\u00eb terren dhe nga t\u00eb nj\u00ebjtit \u00ebsht\u00eb k\u00ebrkuar angazhim sidomos n\u00eb k\u00ebt\u00eb koh\u00eb t\u00eb pandemis\u00eb. Duke marr\u00eb parasysh se PK-ja ka nj\u00eb imazh t\u00eb mir\u00eb te qytetar\u00ebt ju duhet t\u00eb kontribuoni q\u00eb akoma m\u00eb shum\u00eb t\u00eb ngritet niveli i besueshm\u00ebris\u00eb te qytetar\u00ebt. Polic\u00ebve t\u00eb rinj ju d\u00ebshiruan sh\u00ebndet dhe suksese n\u00eb detyr\u00ebn e re n\u00eb sh\u00ebrbim t\u00eb qytetar\u00ebve dhe vendit.<\/p>\n<p>Me k\u00ebt\u00eb rast t\u00eb 197-t\u00eb polic\u00ebt e rinj i pranuan certifikatat dhe dhan\u00eb betimin zyrtar se do t\u00eb  zbatojn\u00eb Kushtetut\u00ebn dhe Ligjet e Republik\u00ebs s\u00eb Kosov\u00ebs,  se do ta mbrojn\u00eb sovranitetin dhe integritetin territorial t\u00eb Republik\u00ebs s\u00eb Kosov\u00ebs duke treguar profesionaliz\u00ebm, p\u00ebrgjegj\u00ebsi dhe ndershm\u00ebri n\u00eb interes t\u00eb t\u00eb gjith\u00eb qytetar\u00ebve t\u00eb Republik\u00ebs s\u00eb Kosov\u00ebs. Gjithashtu jan\u00eb ndar\u00eb mir\u00ebnjohje p\u00ebr 11  kadet\u00ebt policor\u00eb si kapiten t\u00eb klasave dhe  20 kadet\u00ebve policor\u00eb p\u00ebr rezultatet me t\u00eb larta t\u00eb arritura gjat\u00eb koh\u00ebzgjatjes s\u00eb trajnimit.<\/p>\n<p>Nga data 18 tetor 2021, polic\u00ebt e rinj do t\u00eb fillojn\u00eb t\u00eb sh\u00ebrbejn\u00eb n\u00eb kuad\u00ebr t\u00eb Policis\u00eb s\u00eb Kosov\u00ebs duke vazhduar me pjes\u00ebn e programit t\u00eb trajnimit fushor p\u00ebr polic\u00ebt e rinj n\u00eb Stacione policore n\u00eb koh\u00ebzgjatje prej dy (2) viteve n\u00ebn mbik\u00ebqyrje t\u00eb instruktor\u00ebve praktik\/fushor t\u00eb Policis\u00eb s\u00eb Kosov\u00ebs.<\/p>\n","protected":false},"excerpt":{"rendered":"<p>Sot, m\u00eb dat\u00ebn 15 tetor 2021, diplomoi gjenerata e 56-t\u00eb e kadet\u00ebve policor\u00eb t\u00eb Policis\u00eb s\u00eb Kosov\u00ebs. Duke u bazuar n\u00eb situat\u00ebn aktuale t\u00eb pandemis\u00eb COVID -19, diplomimi \u00ebsht\u00eb b\u00ebr\u00eb n\u00eb grupe t\u00eb vogla n\u00eb hap\u00ebsirat e akademis\u00eb, i organizuar nga Drejtoria p\u00ebr Trajnime Themelore &#8211; Divizioni i Trajnimeve i Policis\u00eb s\u00eb Kosov\u00ebs. N\u00eb k\u00ebt\u00eb [&hellip;]<\/p>\n","protected":false},"author":1,"featured_media":95212,"comment_status":"closed","ping_status":"closed","sticky":false,"template":"","format":"standard","meta":{"footnotes":""},"categories":[5],"tags":[],"class_list":{"0":"post-95211","1":"post","2":"type-post","3":"status-publish","4":"format-standard","5":"has-post-thumbnail","7":"category-lajme"},"_links":{"self":[{"href":"https:\/\/radiostargjilan.com\/web\/wp-json\/wp\/v2\/posts\/95211","targetHints":{"allow":["GET"]}}],"collection":[{"href":"https:\/\/radiostargjilan.com\/web\/wp-json\/wp\/v2\/posts"}],"about":[{"href":"https:\/\/radiostargjilan.com\/web\/wp-json\/wp\/v2\/types\/post"}],"author":[{"embeddable":true,"href":"https:\/\/radiostargjilan.com\/web\/wp-json\/wp\/v2\/users\/1"}],"replies":[{"embeddable":true,"href":"https:\/\/radiostargjilan.com\/web\/wp-json\/wp\/v2\/comments?post=95211"}],"version-history":[{"count":0,"href":"https:\/\/radiostargjilan.com\/web\/wp-json\/wp\/v2\/posts\/95211\/revisions"}],"wp:featuredmedia":[{"embeddable":true,"href":"https:\/\/radiostargjilan.com\/web\/wp-json\/wp\/v2\/media\/95212"}],"wp:attachment":[{"href":"https:\/\/radiostargjilan.com\/web\/wp-json\/wp\/v2\/media?parent=95211"}],"wp:term":[{"taxonomy":"category","embeddable":true,"href":"https:\/\/radiostargjilan.com\/web\/wp-json\/wp\/v2\/categories?post=95211"},{"taxonomy":"post_tag","embeddable":true,"href":"https:\/\/radiostargjilan.com\/web\/wp-json\/wp\/v2\/tags?post=95211"}],"curies":[{"name":"wp","href":"https:\/\/api.w.org\/{rel}","templated":true}]}}