{"id":95343,"date":"2021-10-15T23:42:26","date_gmt":"2021-10-15T21:42:26","guid":{"rendered":"https:\/\/radiostargjilan.com\/web\/?p=95343"},"modified":"2021-10-15T23:42:26","modified_gmt":"2021-10-15T21:42:26","slug":"kryetari-deges-se-aak-se-ne-gjilan-falenderon-qytetaret","status":"publish","type":"post","link":"https:\/\/radiostargjilan.com\/web\/kryetari-deges-se-aak-se-ne-gjilan-falenderon-qytetaret\/","title":{"rendered":"Kryetari deg\u00ebs s\u00eb AAK-s\u00eb n\u00eb Gjilan, falenderon qytetar\u00ebt!"},"content":{"rendered":"<p>T\u00eb dashur qytetar\u00eb t\u00eb Gjilanit, gjat\u00eb gjith\u00eb muajit keni pasur mund\u00ebsi t\u00eb shihni dhe lexoni programet e t\u00eb gjith\u00eb kandidat\u00ebve p\u00ebr qytetin ton\u00eb. <\/p>\n<p>Besoj q\u00eb programi m\u00eb i mir\u00eb \u00ebsht\u00eb ai i Aleanc\u00ebs p\u00ebr Ardhm\u00ebrin\u00eb e Kosov\u00ebs. <\/p>\n<p>AAK n\u00eb Gjilan ka list\u00ebn m\u00eb t\u00eb mir\u00eb dhe kandidatin m\u00eb t\u00eb mir\u00eb p\u00ebr kryetar. <\/p>\n<p>K\u00ebt\u00eb ua thash\u00eb edhe banor\u00ebve t\u00eb lagjes &#8216;Dardania&#8217; n\u00eb mbyllje t\u00eb fushat\u00ebs son\u00eb. <\/p>\n<p>T\u00eb diel\u00ebn dilni e votoni, mos harroni se Gjilanit i duhet nj\u00eb kryetar pun\u00ebtor, i edukuar dhe me vlera si Nazim Gagica. <\/p>\n<p>T\u00eb diel\u00ebn mendoni mir\u00eb n\u00eb dor\u00eb t\u00eb kujt po e leni komun\u00ebn p\u00ebr 4 vitet e ardhshme.<\/p>\n<p>P\u00ebr nj\u00eb Gjilan t\u00eb zhvilluar nga i cili t\u00eb rinj\u00ebt nuk do t\u00eb duan t\u00eb largohen, ju lus q\u00eb ta votoni Nazim Gagic\u00ebn dhe kandidat\u00ebt e list\u00ebs son\u00eb.<\/p>\n<p>Me k\u00ebt\u00eb rast dua t\u00eb fal\u00ebnderoj edhe aktivist\u00ebt e palodhsh\u00ebm t\u00eb AAK-s\u00eb p\u00ebr gjith\u00eb angazhimin dhe pun\u00ebn e madhe gjat\u00eb k\u00ebsaj kohe. <\/p>\n<p>121 \u00ebsht\u00eb numri i fitores!<\/p>\n","protected":false},"excerpt":{"rendered":"<p>T\u00eb dashur qytetar\u00eb t\u00eb Gjilanit, gjat\u00eb gjith\u00eb muajit keni pasur mund\u00ebsi t\u00eb shihni dhe lexoni programet e t\u00eb gjith\u00eb kandidat\u00ebve p\u00ebr qytetin ton\u00eb. Besoj q\u00eb programi m\u00eb i mir\u00eb \u00ebsht\u00eb ai i Aleanc\u00ebs p\u00ebr Ardhm\u00ebrin\u00eb e Kosov\u00ebs. AAK n\u00eb Gjilan ka list\u00ebn m\u00eb t\u00eb mir\u00eb dhe kandidatin m\u00eb t\u00eb mir\u00eb p\u00ebr kryetar. K\u00ebt\u00eb ua thash\u00eb [&hellip;]<\/p>\n","protected":false},"author":1,"featured_media":95350,"comment_status":"closed","ping_status":"closed","sticky":false,"template":"","format":"standard","meta":{"footnotes":""},"categories":[17],"tags":[],"class_list":{"0":"post-95343","1":"post","2":"type-post","3":"status-publish","4":"format-standard","5":"has-post-thumbnail","7":"category-zgjedhjet-komunale-2021"},"_links":{"self":[{"href":"https:\/\/radiostargjilan.com\/web\/wp-json\/wp\/v2\/posts\/95343","targetHints":{"allow":["GET"]}}],"collection":[{"href":"https:\/\/radiostargjilan.com\/web\/wp-json\/wp\/v2\/posts"}],"about":[{"href":"https:\/\/radiostargjilan.com\/web\/wp-json\/wp\/v2\/types\/post"}],"author":[{"embeddable":true,"href":"https:\/\/radiostargjilan.com\/web\/wp-json\/wp\/v2\/users\/1"}],"replies":[{"embeddable":true,"href":"https:\/\/radiostargjilan.com\/web\/wp-json\/wp\/v2\/comments?post=95343"}],"version-history":[{"count":0,"href":"https:\/\/radiostargjilan.com\/web\/wp-json\/wp\/v2\/posts\/95343\/revisions"}],"wp:featuredmedia":[{"embeddable":true,"href":"https:\/\/radiostargjilan.com\/web\/wp-json\/wp\/v2\/media\/95350"}],"wp:attachment":[{"href":"https:\/\/radiostargjilan.com\/web\/wp-json\/wp\/v2\/media?parent=95343"}],"wp:term":[{"taxonomy":"category","embeddable":true,"href":"https:\/\/radiostargjilan.com\/web\/wp-json\/wp\/v2\/categories?post=95343"},{"taxonomy":"post_tag","embeddable":true,"href":"https:\/\/radiostargjilan.com\/web\/wp-json\/wp\/v2\/tags?post=95343"}],"curies":[{"name":"wp","href":"https:\/\/api.w.org\/{rel}","templated":true}]}}