{"id":95353,"date":"2021-10-15T23:45:45","date_gmt":"2021-10-15T21:45:45","guid":{"rendered":"https:\/\/radiostargjilan.com\/web\/?p=95353"},"modified":"2021-10-15T23:48:02","modified_gmt":"2021-10-15T21:48:02","slug":"kardiologu-gjilanas-dr-besim-guda-falemnderon-njerezit-e-vullnetit-te-mire","status":"publish","type":"post","link":"https:\/\/radiostargjilan.com\/web\/kardiologu-gjilanas-dr-besim-guda-falemnderon-njerezit-e-vullnetit-te-mire\/","title":{"rendered":"Kardiologu gjilanas Dr. Besim Guda, falemnderon njer\u00ebzit e vullnetit t\u00eb mir\u00eb!"},"content":{"rendered":"<p>Kardiologu nga zemra faleminderon njerezit e vullnetit te mire!<\/p>\n<p>Binomi doktori zemres( Besimmi) dhe njeriu i zemres ( Luta) jane sinonim miresie!<\/p>\n<p>Me kryetarin Haziri,  \u00e7do takim q\u00eb b\u00ebm\u00eb ishte tregim n\u00eb vehte. Takimi n\u00eb P\u00ebrlepnic\u00eb dhe Vrapqiq ishin dy takime nga t\u00eb veqantit. Aty mor\u00ebm krah\u00eb e zem\u00ebr p\u00ebr t\u00eb vazhduar m\u00eb tutje , p\u00ebr tu p\u00ebrballur me sfida edhe m\u00eb t\u00eb m\u00ebdha , dhe besimin tuaj t\u00eb sinqert ta sh\u00ebndrrojm n\u00eb angazhim, pun\u00eb, rezultate pozitive. U ndam\u00eb nga Ju t\u00eb bindur , se marrja e vot\u00ebs nga Ju \u00ebsht\u00eb p\u00ebrgjegj\u00ebsi e shtuar p\u00ebr ne  . Kjo do t\u00eb jet\u00eb vler\u00eb e re n\u00eb politik\u00ebn komunale. T\u00eb gjith\u00ebve nga zemra faleminderit.  Qofshi me sh\u00ebndet dhe t\u00eb lumtur !<\/p>\n<p>Voto 160 Luta<\/p>\n<p>Voto 10 doktor Besimi!<\/p>\n","protected":false},"excerpt":{"rendered":"<p>Kardiologu nga zemra faleminderon njerezit e vullnetit te mire! Binomi doktori zemres( Besimmi) dhe njeriu i zemres ( Luta) jane sinonim miresie! Me kryetarin Haziri, \u00e7do takim q\u00eb b\u00ebm\u00eb ishte tregim n\u00eb vehte. Takimi n\u00eb P\u00ebrlepnic\u00eb dhe Vrapqiq ishin dy takime nga t\u00eb veqantit. Aty mor\u00ebm krah\u00eb e zem\u00ebr p\u00ebr t\u00eb vazhduar m\u00eb tutje , [&hellip;]<\/p>\n","protected":false},"author":1,"featured_media":95354,"comment_status":"closed","ping_status":"closed","sticky":false,"template":"","format":"standard","meta":{"footnotes":""},"categories":[17],"tags":[],"class_list":{"0":"post-95353","1":"post","2":"type-post","3":"status-publish","4":"format-standard","5":"has-post-thumbnail","7":"category-zgjedhjet-komunale-2021"},"_links":{"self":[{"href":"https:\/\/radiostargjilan.com\/web\/wp-json\/wp\/v2\/posts\/95353","targetHints":{"allow":["GET"]}}],"collection":[{"href":"https:\/\/radiostargjilan.com\/web\/wp-json\/wp\/v2\/posts"}],"about":[{"href":"https:\/\/radiostargjilan.com\/web\/wp-json\/wp\/v2\/types\/post"}],"author":[{"embeddable":true,"href":"https:\/\/radiostargjilan.com\/web\/wp-json\/wp\/v2\/users\/1"}],"replies":[{"embeddable":true,"href":"https:\/\/radiostargjilan.com\/web\/wp-json\/wp\/v2\/comments?post=95353"}],"version-history":[{"count":0,"href":"https:\/\/radiostargjilan.com\/web\/wp-json\/wp\/v2\/posts\/95353\/revisions"}],"wp:featuredmedia":[{"embeddable":true,"href":"https:\/\/radiostargjilan.com\/web\/wp-json\/wp\/v2\/media\/95354"}],"wp:attachment":[{"href":"https:\/\/radiostargjilan.com\/web\/wp-json\/wp\/v2\/media?parent=95353"}],"wp:term":[{"taxonomy":"category","embeddable":true,"href":"https:\/\/radiostargjilan.com\/web\/wp-json\/wp\/v2\/categories?post=95353"},{"taxonomy":"post_tag","embeddable":true,"href":"https:\/\/radiostargjilan.com\/web\/wp-json\/wp\/v2\/tags?post=95353"}],"curies":[{"name":"wp","href":"https:\/\/api.w.org\/{rel}","templated":true}]}}