{"id":95446,"date":"2021-10-17T12:57:43","date_gmt":"2021-10-17T10:57:43","guid":{"rendered":"https:\/\/radiostargjilan.com\/web\/?p=95446"},"modified":"2021-10-17T12:57:43","modified_gmt":"2021-10-17T10:57:43","slug":"haziri-fton-qytetaret-qe-ne-menyre-masive-ta-shprehin-vullnetin-per-fatin-e-qytetit-te-tyre","status":"publish","type":"post","link":"https:\/\/radiostargjilan.com\/web\/haziri-fton-qytetaret-qe-ne-menyre-masive-ta-shprehin-vullnetin-per-fatin-e-qytetit-te-tyre\/","title":{"rendered":"Haziri fton qytetar\u00ebt q\u00eb n\u00eb m\u00ebnyr\u00eb masive ta shprehin vullnetin p\u00ebr fatin e qytetit t\u00eb tyre"},"content":{"rendered":"<p>Kryetari i Gjilanit, Lutfi Haziri me familjen e tij ka votuar sot n\u00eb shkoll\u00ebn fillore \u201cAbaz Ajeti\u201d.<\/p>\n<p>Kryetari Haziri ka ftuar qytetar\u00ebt q\u00eb n\u00eb m\u00ebnyr\u00eb masive ta shprehin vullnetin p\u00ebr fatin e qytetit t\u00eb tyre.<\/p>\n<p>\u201cUroj q\u00eb kjo dit\u00eb e bardh\u00eb t\u00eb p\u00ebrfundoj\u00eb ashtu si\u00e7 ka filluar, n\u00eb m\u00ebnyr\u00eb t\u00eb qet\u00eb e solemne. Qytetar\u00ebt e Gjilanit gjithmon\u00eb kan\u00eb treguar interesim p\u00ebr pjes\u00ebmarrje n\u00eb zgjedhje dhe apeloj q\u00eb secili t\u00eb dal\u00eb p\u00ebr ta shfryt\u00ebzuar t\u00eb drejt\u00ebn p\u00ebr t\u00eb votuar edhe k\u00ebsaj radhe p\u00ebr fatin e qytetit t\u00eb tyre. Fal\u00ebnderoj t\u00eb gjith\u00eb p\u00ebr interesimin e madh, p\u00ebrfshir\u00eb edhe bashkatdhetar\u00ebt tan\u00eb dhe kjo na b\u00ebn t\u00eb vler\u00ebsuar. Fal\u00ebmnderit shum\u00eb. Do t\u00eb mbetem gjithmon\u00eb, Luta juaj!\u201d, ka th\u00ebn\u00eb kryetari Haziri.<\/p>\n","protected":false},"excerpt":{"rendered":"<p>Kryetari i Gjilanit, Lutfi Haziri me familjen e tij ka votuar sot n\u00eb shkoll\u00ebn fillore \u201cAbaz Ajeti\u201d. Kryetari Haziri ka ftuar qytetar\u00ebt q\u00eb n\u00eb m\u00ebnyr\u00eb masive ta shprehin vullnetin p\u00ebr fatin e qytetit t\u00eb tyre. \u201cUroj q\u00eb kjo dit\u00eb e bardh\u00eb t\u00eb p\u00ebrfundoj\u00eb ashtu si\u00e7 ka filluar, n\u00eb m\u00ebnyr\u00eb t\u00eb qet\u00eb e solemne. Qytetar\u00ebt e [&hellip;]<\/p>\n","protected":false},"author":1,"featured_media":95447,"comment_status":"closed","ping_status":"closed","sticky":false,"template":"","format":"standard","meta":{"footnotes":""},"categories":[17],"tags":[],"class_list":{"0":"post-95446","1":"post","2":"type-post","3":"status-publish","4":"format-standard","5":"has-post-thumbnail","7":"category-zgjedhjet-komunale-2021"},"_links":{"self":[{"href":"https:\/\/radiostargjilan.com\/web\/wp-json\/wp\/v2\/posts\/95446","targetHints":{"allow":["GET"]}}],"collection":[{"href":"https:\/\/radiostargjilan.com\/web\/wp-json\/wp\/v2\/posts"}],"about":[{"href":"https:\/\/radiostargjilan.com\/web\/wp-json\/wp\/v2\/types\/post"}],"author":[{"embeddable":true,"href":"https:\/\/radiostargjilan.com\/web\/wp-json\/wp\/v2\/users\/1"}],"replies":[{"embeddable":true,"href":"https:\/\/radiostargjilan.com\/web\/wp-json\/wp\/v2\/comments?post=95446"}],"version-history":[{"count":0,"href":"https:\/\/radiostargjilan.com\/web\/wp-json\/wp\/v2\/posts\/95446\/revisions"}],"wp:featuredmedia":[{"embeddable":true,"href":"https:\/\/radiostargjilan.com\/web\/wp-json\/wp\/v2\/media\/95447"}],"wp:attachment":[{"href":"https:\/\/radiostargjilan.com\/web\/wp-json\/wp\/v2\/media?parent=95446"}],"wp:term":[{"taxonomy":"category","embeddable":true,"href":"https:\/\/radiostargjilan.com\/web\/wp-json\/wp\/v2\/categories?post=95446"},{"taxonomy":"post_tag","embeddable":true,"href":"https:\/\/radiostargjilan.com\/web\/wp-json\/wp\/v2\/tags?post=95446"}],"curies":[{"name":"wp","href":"https:\/\/api.w.org\/{rel}","templated":true}]}}