{"id":95536,"date":"2021-10-18T11:40:58","date_gmt":"2021-10-18T09:40:58","guid":{"rendered":"https:\/\/radiostargjilan.com\/web\/?p=95536"},"modified":"2021-10-18T11:40:58","modified_gmt":"2021-10-18T09:40:58","slug":"ja-kush-do-te-kete-me-se-shumti-mandate-ne-asamblene-komunale-te-gjilanit","status":"publish","type":"post","link":"https:\/\/radiostargjilan.com\/web\/ja-kush-do-te-kete-me-se-shumti-mandate-ne-asamblene-komunale-te-gjilanit\/","title":{"rendered":"Ja kush do t\u00eb ket\u00eb m\u00eb s\u00eb shumti mandate n\u00eb Asamblen\u00eb Komunale t\u00eb Gjilanit"},"content":{"rendered":"<p>Gara p\u00ebr kryetar t\u00eb Gjilanit \u00ebsht\u00eb shum\u00eb m\u00eb e r\u00ebnd\u00ebsishme dhe m\u00eb interesante p\u00ebr votuesit se sa gara p\u00ebr k\u00ebshilltar\u00eb n\u00eb Asamblen\u00eb Komunale. Se kush do t\u00eb jet\u00eb pjes\u00eb e sht\u00ebpis\u00eb m\u00eb t\u00eb madhe t\u00eb qytetit ende nuk dihet, por n\u00eb baz\u00eb t\u00eb rezultateve t\u00eb p\u00ebrpunuara deri m\u00eb tashti, bindsh\u00ebm prin\u00eb Lidhja Demokratike e Kosov\u00ebs (LDK) e pasuar nga L\u00ebvizja Vet\u00ebvendosje.<\/p>\n<p>Komisioni Qendror Zgjedhor edhe m\u00eb tej nuk ka dal\u00eb me rezultatet p\u00ebrfundimtare t\u00eb votave, por n\u00eb baz\u00eb t\u00eb 93,65 p\u00ebrqind t\u00eb votave t\u00eb num\u00ebruara rezultatet jan\u00eb si n\u00eb vijim:<\/p>\n<p><a href=\"https:\/\/radiostargjilan.com\/web\/wp-content\/uploads\/2021\/10\/80AF9638-4D4C-4424-B5FA-BCF477A691D1.jpeg\"><img loading=\"lazy\" loading=\"lazy\" decoding=\"async\" src=\"https:\/\/radiostargjilan.com\/web\/wp-content\/uploads\/2021\/10\/80AF9638-4D4C-4424-B5FA-BCF477A691D1-238x300.jpeg\" alt=\"\" width=\"238\" height=\"300\" class=\"alignnone size-medium wp-image-95537\" srcset=\"https:\/\/radiostargjilan.com\/web\/wp-content\/uploads\/2021\/10\/80AF9638-4D4C-4424-B5FA-BCF477A691D1-238x300.jpeg 238w, https:\/\/radiostargjilan.com\/web\/wp-content\/uploads\/2021\/10\/80AF9638-4D4C-4424-B5FA-BCF477A691D1-812x1024.jpeg 812w, https:\/\/radiostargjilan.com\/web\/wp-content\/uploads\/2021\/10\/80AF9638-4D4C-4424-B5FA-BCF477A691D1-768x968.jpeg 768w, https:\/\/radiostargjilan.com\/web\/wp-content\/uploads\/2021\/10\/80AF9638-4D4C-4424-B5FA-BCF477A691D1-1218x1536.jpeg 1218w, https:\/\/radiostargjilan.com\/web\/wp-content\/uploads\/2021\/10\/80AF9638-4D4C-4424-B5FA-BCF477A691D1.jpeg 1284w\" sizes=\"auto, (max-width: 238px) 100vw, 238px\" \/><\/a><\/p>\n","protected":false},"excerpt":{"rendered":"<p>Gara p\u00ebr kryetar t\u00eb Gjilanit \u00ebsht\u00eb shum\u00eb m\u00eb e r\u00ebnd\u00ebsishme dhe m\u00eb interesante p\u00ebr votuesit se sa gara p\u00ebr k\u00ebshilltar\u00eb n\u00eb Asamblen\u00eb Komunale. Se kush do t\u00eb jet\u00eb pjes\u00eb e sht\u00ebpis\u00eb m\u00eb t\u00eb madhe t\u00eb qytetit ende nuk dihet, por n\u00eb baz\u00eb t\u00eb rezultateve t\u00eb p\u00ebrpunuara deri m\u00eb tashti, bindsh\u00ebm prin\u00eb Lidhja Demokratike e Kosov\u00ebs [&hellip;]<\/p>\n","protected":false},"author":1,"featured_media":95538,"comment_status":"closed","ping_status":"closed","sticky":false,"template":"","format":"standard","meta":{"footnotes":""},"categories":[5],"tags":[],"class_list":{"0":"post-95536","1":"post","2":"type-post","3":"status-publish","4":"format-standard","5":"has-post-thumbnail","7":"category-lajme"},"_links":{"self":[{"href":"https:\/\/radiostargjilan.com\/web\/wp-json\/wp\/v2\/posts\/95536","targetHints":{"allow":["GET"]}}],"collection":[{"href":"https:\/\/radiostargjilan.com\/web\/wp-json\/wp\/v2\/posts"}],"about":[{"href":"https:\/\/radiostargjilan.com\/web\/wp-json\/wp\/v2\/types\/post"}],"author":[{"embeddable":true,"href":"https:\/\/radiostargjilan.com\/web\/wp-json\/wp\/v2\/users\/1"}],"replies":[{"embeddable":true,"href":"https:\/\/radiostargjilan.com\/web\/wp-json\/wp\/v2\/comments?post=95536"}],"version-history":[{"count":0,"href":"https:\/\/radiostargjilan.com\/web\/wp-json\/wp\/v2\/posts\/95536\/revisions"}],"wp:featuredmedia":[{"embeddable":true,"href":"https:\/\/radiostargjilan.com\/web\/wp-json\/wp\/v2\/media\/95538"}],"wp:attachment":[{"href":"https:\/\/radiostargjilan.com\/web\/wp-json\/wp\/v2\/media?parent=95536"}],"wp:term":[{"taxonomy":"category","embeddable":true,"href":"https:\/\/radiostargjilan.com\/web\/wp-json\/wp\/v2\/categories?post=95536"},{"taxonomy":"post_tag","embeddable":true,"href":"https:\/\/radiostargjilan.com\/web\/wp-json\/wp\/v2\/tags?post=95536"}],"curies":[{"name":"wp","href":"https:\/\/api.w.org\/{rel}","templated":true}]}}