{"id":97071,"date":"2021-11-05T20:44:34","date_gmt":"2021-11-05T19:44:34","guid":{"rendered":"https:\/\/radiostargjilan.com\/web\/?p=97071"},"modified":"2021-11-05T20:44:34","modified_gmt":"2021-11-05T19:44:34","slug":"eshte-ne-burg-per-atdhe-flet-babai-i-ish-presidentit-hashim-thaci","status":"publish","type":"post","link":"https:\/\/radiostargjilan.com\/web\/eshte-ne-burg-per-atdhe-flet-babai-i-ish-presidentit-hashim-thaci\/","title":{"rendered":"\u201c\u00cbsht\u00eb n\u00eb burg p\u00ebr Atdhe\u201d, flet babai i ish-presidentit Hashim Tha\u00e7i"},"content":{"rendered":"<p>Djali i tij Hashim Tha\u00e7i po mbahet n\u00eb paraburgim n\u00eb Hag\u00eb s\u00eb bashku me bashk\u00ebluft\u00ebtar\u00ebt e tjer\u00eb, nd\u00ebrkoh\u00eb Haxhi Tha\u00e7i jep mesazhin e besimit se ata do t\u00eb kthehen fitimtar\u00eb nga ky proces.<\/p>\n<p>\u201cJena m\u00ebrzit boll, jemi m\u00ebrzit boll p\u00ebr t\u00eb\u201d. K\u00ebto ishin fjal\u00ebt e babait t\u00eb ish-presidentit Hashim Tha\u00e7i sot kur u b\u00eb nj\u00eb vit nga dor\u00ebzimi n\u00eb qendr\u00ebn e paraburgimit n\u00eb Hag\u00eb. Sipas Haxhi Tha\u00e7it, mbajtja e ish-krer\u00ebve t\u00eb U\u00c7K\u2019s\u00eb n\u00eb Hag\u00eb \u00ebsht\u00eb e padrejt\u00eb dhe drejt\u00ebsia do t\u00eb triumfoj\u00eb s\u00eb shpejti.<\/p>\n<p>\u201cUn\u00eb mendoj se do t\u00eb lirohet s\u00eb shpejti sepse jan\u00eb t\u00eb pafajsh\u00ebm tan\u00eb. T\u00eb fort\u00eb jan\u00eb kan\u00eb edhe kan\u00eb me kan\u00eb. Ku t\u00eb q\u00ebllojn\u00eb ata kan\u00eb me kan\u00eb t\u00eb fort\u00eb\u201d, shtoi ai p\u00ebr RTK\u2019n\u00eb.<\/p>\n<p>Thekson se lufta dhe gjith\u00eb veprimtaria e djalit t\u00eb tij e b\u00ebn t\u00eb ndihet krenar.<\/p>\n<p>\u201c\u00cbsht\u00eb n\u00eb burg p\u00ebr k\u00ebt\u00eb Atdhe\u201d, theksoi Haxhi Tha\u00e7i.<\/p>\n<p>Ish-presidenti i Kosov\u00ebs, Hashim Tha\u00e7i gjat\u00eb paraqitjes s\u00eb tij t\u00eb par\u00eb n\u00eb Hag\u00eb, ishte deklaruar i pafajsh\u00ebm p\u00ebr t\u00eb gjitha pikat e aktakuz\u00ebs p\u00ebr krime lufte dhe krime kund\u00ebr njer\u00ebzimit, t\u00eb ngritur nga Dhomat e Specializuara.<\/p>\n<p>Veprat q\u00eb r\u00ebndojn\u00eb ndaj Tha\u00e7it kan\u00eb t\u00eb b\u00ebjn\u00eb me krime lufte, ndalimit t\u00eb paligjsh\u00ebm ose arbitrar, trajtimit mizor, tortur\u00ebs dhe vrasjes s\u00eb paligjshme dhe krimet kund\u00ebr njer\u00ebzimit t\u00eb burgosjes, akteve t\u00eb tjera \u00e7njer\u00ebzore, tortur\u00ebs, vrasjes s\u00eb paligjshme, zhdukjes me forc\u00eb t\u00eb personave dhe p\u00ebrndjekjes, t\u00eb cilat sipas Dhomave t\u00eb Specializuara, jan\u00eb kryer midis marsit 1998 dhe shtatorit t\u00eb vitit 1999.<\/p>\n<p>Sipas aktakuz\u00ebs, krimet dyshohet se jan\u00eb kryer n\u00eb disa lokacione t\u00eb Kosov\u00ebs, por edhe n\u00eb Kuk\u00ebs dhe Cahan n\u00eb Shqip\u00ebrin\u00eb Veriore \u201cdhe u kryen nga an\u00ebtar\u00eb t\u00eb Ushtris\u00eb \u00c7lirimtare t\u00eb Kosov\u00ebs (U\u00c7K) kund\u00ebr qindra civil\u00ebve dhe personave q\u00eb nuk merrnin pjes\u00eb aktive n\u00eb luftime\u201d.<\/p>\n<p>Dhomat e Specializuara dhe Zyra e Prokurorit t\u00eb Specializuar \u2013 q\u00eb ndryshe njihen edhe si Gjykata Speciale \u2013 hetojn\u00eb krimet e pretenduara t\u00eb pjes\u00ebtar\u00ebve t\u00eb ish-Ushtris\u00eb \u00c7lirimtare t\u00eb Kosov\u00ebs, t\u00eb kryera kund\u00ebr pakicave etnike dhe rival\u00ebve politik\u00eb q\u00eb nga janari i vitit 1998 e deri n\u00eb dhjetor t\u00eb vitit 2000.<\/p>\n<p>K\u00ebto krime t\u00eb pretenduara p\u00ebrmenden n\u00eb nj\u00eb raport t\u00eb K\u00ebshillit t\u00eb Evrop\u00ebs, t\u00eb vitit 2011, autor i t\u00eb cilit \u00ebsht\u00eb senatori zviceran, Dick Marty.<\/p>\n","protected":false},"excerpt":{"rendered":"<p>Djali i tij Hashim Tha\u00e7i po mbahet n\u00eb paraburgim n\u00eb Hag\u00eb s\u00eb bashku me bashk\u00ebluft\u00ebtar\u00ebt e tjer\u00eb, nd\u00ebrkoh\u00eb Haxhi Tha\u00e7i jep mesazhin e besimit se ata do t\u00eb kthehen fitimtar\u00eb nga ky proces. \u201cJena m\u00ebrzit boll, jemi m\u00ebrzit boll p\u00ebr t\u00eb\u201d. K\u00ebto ishin fjal\u00ebt e babait t\u00eb ish-presidentit Hashim Tha\u00e7i sot kur u b\u00eb nj\u00eb [&hellip;]<\/p>\n","protected":false},"author":1,"featured_media":97072,"comment_status":"closed","ping_status":"closed","sticky":false,"template":"","format":"standard","meta":{"footnotes":""},"categories":[5],"tags":[],"class_list":{"0":"post-97071","1":"post","2":"type-post","3":"status-publish","4":"format-standard","5":"has-post-thumbnail","7":"category-lajme"},"_links":{"self":[{"href":"https:\/\/radiostargjilan.com\/web\/wp-json\/wp\/v2\/posts\/97071","targetHints":{"allow":["GET"]}}],"collection":[{"href":"https:\/\/radiostargjilan.com\/web\/wp-json\/wp\/v2\/posts"}],"about":[{"href":"https:\/\/radiostargjilan.com\/web\/wp-json\/wp\/v2\/types\/post"}],"author":[{"embeddable":true,"href":"https:\/\/radiostargjilan.com\/web\/wp-json\/wp\/v2\/users\/1"}],"replies":[{"embeddable":true,"href":"https:\/\/radiostargjilan.com\/web\/wp-json\/wp\/v2\/comments?post=97071"}],"version-history":[{"count":0,"href":"https:\/\/radiostargjilan.com\/web\/wp-json\/wp\/v2\/posts\/97071\/revisions"}],"wp:featuredmedia":[{"embeddable":true,"href":"https:\/\/radiostargjilan.com\/web\/wp-json\/wp\/v2\/media\/97072"}],"wp:attachment":[{"href":"https:\/\/radiostargjilan.com\/web\/wp-json\/wp\/v2\/media?parent=97071"}],"wp:term":[{"taxonomy":"category","embeddable":true,"href":"https:\/\/radiostargjilan.com\/web\/wp-json\/wp\/v2\/categories?post=97071"},{"taxonomy":"post_tag","embeddable":true,"href":"https:\/\/radiostargjilan.com\/web\/wp-json\/wp\/v2\/tags?post=97071"}],"curies":[{"name":"wp","href":"https:\/\/api.w.org\/{rel}","templated":true}]}}