{"id":97484,"date":"2021-11-09T22:55:04","date_gmt":"2021-11-09T21:55:04","guid":{"rendered":"https:\/\/radiostargjilan.com\/web\/?p=97484"},"modified":"2021-11-09T22:55:04","modified_gmt":"2021-11-09T21:55:04","slug":"trajneri-i-kosoves-e-njoh-mire-kosoven-sepse-ketu-e-kam-perfunduar-ushtrine","status":"publish","type":"post","link":"https:\/\/radiostargjilan.com\/web\/trajneri-i-kosoves-e-njoh-mire-kosoven-sepse-ketu-e-kam-perfunduar-ushtrine\/","title":{"rendered":"Trajneri i Kosov\u00ebs: E njoh mir\u00eb Kosov\u00ebn sepse k\u00ebtu e kam p\u00ebrfunduar ushtrin\u00eb"},"content":{"rendered":"<p>Trajneri i p\u00ebrkohsh\u00ebm i Kosov\u00ebs Primoz Gliha, n\u00eb konferenc\u00eb p\u00ebr media tha se e njeh mir\u00eb vendin ton\u00eb pasi k\u00ebtu e ka p\u00ebrfunduar ushtrin\u00eb.<\/p>\n<p>\u201cE njoh mir\u00eb Kosov\u00ebn sepse k\u00ebtu kam b\u00ebr\u00eb ushtrin\u00eb. Kam shum\u00eb miq k\u00ebtu dhe e kam ndjekur rregullisht edhe Kosov\u00ebn. P\u00ebr mendimin tim ekipi \u00ebsht\u00eb shum\u00eb i mir\u00eb\u201d.<\/p>\n<p>Gliha tha se p\u00ebr t\u00eb nuk ka ndarje t\u00eb ndeshjeve n\u00eb zyrtare apo miq\u00ebsore.<\/p>\n<p>\u201cP\u00ebr mua nuk ka ndeshje miq\u00ebsore, pasi \u00e7do sfid\u00eb \u00ebsht\u00eb e r\u00ebnd\u00ebsishme. E them k\u00ebt\u00eb sepse \u00e7do fitore e ngre moralin e ekipit. Ndeshja me Jordanin\u00eb duhet ta k\u00ebrkojm\u00eb fitoren dhe t\u00eb ngrem\u00eb moralin e ekipit dhe kjo \u00ebsht\u00eb m\u00ebnyra e vetme p\u00ebr t\u00eb ardhur te rezultatet e mira\u201d.<\/p>\n<p>Miq\u00ebsorja q\u00eb zhvillohet nes\u00ebr prej or\u00ebs 18:00 n\u00eb stadiumin \u201cFadil Vokrri\u201d, kund\u00ebr Jordanis\u00eb \u00ebsht\u00eb testi i par\u00eb p\u00ebr sllovenin i cili \u00ebsht\u00eb caktuar n\u00eb krye t\u00eb shtabit teknik t\u00eb \u201cDardan\u00ebve\u201d pas shkarkimit t\u00eb Bernard Challandes.<\/p>\n<p>Pas kat\u00ebr dit\u00ebsh, m\u00eb 14 n\u00ebntor Kosova e zhvillon ndeshjen e fundit e kampanjes kualifikuese p\u00ebr Kampionatin Bot\u00ebror \u201cQatar 2022\u201d kund\u00ebr Greqis\u00eb.<\/p>\n","protected":false},"excerpt":{"rendered":"<p>Trajneri i p\u00ebrkohsh\u00ebm i Kosov\u00ebs Primoz Gliha, n\u00eb konferenc\u00eb p\u00ebr media tha se e njeh mir\u00eb vendin ton\u00eb pasi k\u00ebtu e ka p\u00ebrfunduar ushtrin\u00eb. \u201cE njoh mir\u00eb Kosov\u00ebn sepse k\u00ebtu kam b\u00ebr\u00eb ushtrin\u00eb. Kam shum\u00eb miq k\u00ebtu dhe e kam ndjekur rregullisht edhe Kosov\u00ebn. P\u00ebr mendimin tim ekipi \u00ebsht\u00eb shum\u00eb i mir\u00eb\u201d. Gliha tha se [&hellip;]<\/p>\n","protected":false},"author":1,"featured_media":97485,"comment_status":"closed","ping_status":"closed","sticky":false,"template":"","format":"standard","meta":{"footnotes":""},"categories":[7],"tags":[],"class_list":{"0":"post-97484","1":"post","2":"type-post","3":"status-publish","4":"format-standard","5":"has-post-thumbnail","7":"category-sports"},"_links":{"self":[{"href":"https:\/\/radiostargjilan.com\/web\/wp-json\/wp\/v2\/posts\/97484","targetHints":{"allow":["GET"]}}],"collection":[{"href":"https:\/\/radiostargjilan.com\/web\/wp-json\/wp\/v2\/posts"}],"about":[{"href":"https:\/\/radiostargjilan.com\/web\/wp-json\/wp\/v2\/types\/post"}],"author":[{"embeddable":true,"href":"https:\/\/radiostargjilan.com\/web\/wp-json\/wp\/v2\/users\/1"}],"replies":[{"embeddable":true,"href":"https:\/\/radiostargjilan.com\/web\/wp-json\/wp\/v2\/comments?post=97484"}],"version-history":[{"count":0,"href":"https:\/\/radiostargjilan.com\/web\/wp-json\/wp\/v2\/posts\/97484\/revisions"}],"wp:featuredmedia":[{"embeddable":true,"href":"https:\/\/radiostargjilan.com\/web\/wp-json\/wp\/v2\/media\/97485"}],"wp:attachment":[{"href":"https:\/\/radiostargjilan.com\/web\/wp-json\/wp\/v2\/media?parent=97484"}],"wp:term":[{"taxonomy":"category","embeddable":true,"href":"https:\/\/radiostargjilan.com\/web\/wp-json\/wp\/v2\/categories?post=97484"},{"taxonomy":"post_tag","embeddable":true,"href":"https:\/\/radiostargjilan.com\/web\/wp-json\/wp\/v2\/tags?post=97484"}],"curies":[{"name":"wp","href":"https:\/\/api.w.org\/{rel}","templated":true}]}}