{"id":97701,"date":"2021-11-12T14:25:01","date_gmt":"2021-11-12T13:25:01","guid":{"rendered":"https:\/\/radiostargjilan.com\/web\/?p=97701"},"modified":"2021-11-12T14:25:01","modified_gmt":"2021-11-12T13:25:01","slug":"vv-gjilan-cernica-ka-vendosur-per-numrin-144","status":"publish","type":"post","link":"https:\/\/radiostargjilan.com\/web\/vv-gjilan-cernica-ka-vendosur-per-numrin-144\/","title":{"rendered":"VV GJILAN: C\u00ebrnica ka vendosur p\u00ebr numrin 144"},"content":{"rendered":"<p>N\u00eb takimin e mbajtur n\u00eb fshatin C\u00ebrnic\u00eb, gjet\u00ebm frym\u00ebn e fitores edhe aty, si ngado tjet\u00ebr. <\/p>\n<p>Kryetari Alban Hyseni, n\u00eb pranin\u00eb e Kryeparlamentarit Glauk Konjufca, u zotua se pas 14 n\u00ebntorit, Gjilani do t\u00eb kthehet kah e mbara. Vet\u00ebm 3 dit\u00eb jemi larg ndryshimit t\u00eb domosdosh\u00ebm q\u00eb i duhet Gjilanit. E kur jemi t\u00eb bashkuar k\u00ebshtu si sonte, e edhe pasi t\u00eb jemi n\u00eb krye t\u00eb ekzekutivit n\u00eb komun\u00eb, rruga drejt zhvillimit nuk do ket\u00eb alternativ\u00eb.<\/p>\n<p>Bashk\u00eb jemi m\u00eb shum\u00eb, e bashk\u00eb jemi m\u00eb mir\u00eb! <\/p>\n<p>www.albanhyseni.com<\/p>\n","protected":false},"excerpt":{"rendered":"<p>N\u00eb takimin e mbajtur n\u00eb fshatin C\u00ebrnic\u00eb, gjet\u00ebm frym\u00ebn e fitores edhe aty, si ngado tjet\u00ebr. Kryetari Alban Hyseni, n\u00eb pranin\u00eb e Kryeparlamentarit Glauk Konjufca, u zotua se pas 14 n\u00ebntorit, Gjilani do t\u00eb kthehet kah e mbara. Vet\u00ebm 3 dit\u00eb jemi larg ndryshimit t\u00eb domosdosh\u00ebm q\u00eb i duhet Gjilanit. E kur jemi t\u00eb bashkuar [&hellip;]<\/p>\n","protected":false},"author":1,"featured_media":97702,"comment_status":"closed","ping_status":"closed","sticky":false,"template":"","format":"standard","meta":{"footnotes":""},"categories":[5],"tags":[],"class_list":{"0":"post-97701","1":"post","2":"type-post","3":"status-publish","4":"format-standard","5":"has-post-thumbnail","7":"category-lajme"},"_links":{"self":[{"href":"https:\/\/radiostargjilan.com\/web\/wp-json\/wp\/v2\/posts\/97701","targetHints":{"allow":["GET"]}}],"collection":[{"href":"https:\/\/radiostargjilan.com\/web\/wp-json\/wp\/v2\/posts"}],"about":[{"href":"https:\/\/radiostargjilan.com\/web\/wp-json\/wp\/v2\/types\/post"}],"author":[{"embeddable":true,"href":"https:\/\/radiostargjilan.com\/web\/wp-json\/wp\/v2\/users\/1"}],"replies":[{"embeddable":true,"href":"https:\/\/radiostargjilan.com\/web\/wp-json\/wp\/v2\/comments?post=97701"}],"version-history":[{"count":0,"href":"https:\/\/radiostargjilan.com\/web\/wp-json\/wp\/v2\/posts\/97701\/revisions"}],"wp:featuredmedia":[{"embeddable":true,"href":"https:\/\/radiostargjilan.com\/web\/wp-json\/wp\/v2\/media\/97702"}],"wp:attachment":[{"href":"https:\/\/radiostargjilan.com\/web\/wp-json\/wp\/v2\/media?parent=97701"}],"wp:term":[{"taxonomy":"category","embeddable":true,"href":"https:\/\/radiostargjilan.com\/web\/wp-json\/wp\/v2\/categories?post=97701"},{"taxonomy":"post_tag","embeddable":true,"href":"https:\/\/radiostargjilan.com\/web\/wp-json\/wp\/v2\/tags?post=97701"}],"curies":[{"name":"wp","href":"https:\/\/api.w.org\/{rel}","templated":true}]}}