{"id":98109,"date":"2021-11-18T14:06:00","date_gmt":"2021-11-18T13:06:00","guid":{"rendered":"https:\/\/radiostargjilan.com\/web\/?p=98109"},"modified":"2021-11-18T14:06:00","modified_gmt":"2021-11-18T13:06:00","slug":"e-qellova-me-kazme-me-pas-ia-kam-lidhur-duart-i-dyshuari-tregon-si-e-vrau-8-vjecarin","status":"publish","type":"post","link":"https:\/\/radiostargjilan.com\/web\/e-qellova-me-kazme-me-pas-ia-kam-lidhur-duart-i-dyshuari-tregon-si-e-vrau-8-vjecarin\/","title":{"rendered":"\u201cE q\u00ebllova me kazm\u00eb, m\u00eb pas ia kam lidhur duart\u201d\/ I dyshuari tregon si e vrau 8-vje\u00e7arin"},"content":{"rendered":"<p>I dyshuari p\u00ebr vrasjen e 8-vje\u00e7arit ka dh\u00ebn\u00eb d\u00ebshmin\u00eb e tij se si ka ndodhur rasti, shkruan Gazeta Sinjali.<\/p>\n<p>T\u00eb h\u00ebn\u00ebn n\u00eb m\u00ebngjes dyshohet se Klodian \u00c7alamani e ka goditur n\u00eb kok\u00eb Mateo Vasiun, e m\u00eb pas e ka varrosur n\u00eb oborrin e sht\u00ebpis\u00eb s\u00eb tij.<\/p>\n<p>\u00c7alamani n\u00eb d\u00ebshmin\u00eb e tij e pranoi se e ka vrar\u00eb Mateon. Ai ka th\u00ebn\u00eb se vog\u00eblushi e kishte shar\u00eb at\u00eb dhe m\u00eb pas ka th\u00ebn\u00eb se ia kishte ngacmuar edhe n\u00ebn\u00ebn.<\/p>\n<p>\u201c\u2026banoj n\u00eb fshatin Gre\u00e7alli t\u00eb Fierit, n\u00eb lagjen \u201cTrifon Tanka\u201d. Kam nj\u00eb sht\u00ebpi private, nj\u00eb kat\u00ebshe me llamarina, me oborr rreth sht\u00ebpis\u00eb dhe n\u00eb pjes\u00ebn e p\u00ebrparme, e kam t\u00eb thurur me gardh me kallama. Nga ana e gardhit me kallama kam edhe port\u00ebn kryesore q\u00eb futem n\u00eb oborrin e sht\u00ebpis\u00eb. N\u00eb oborr, un\u00eb kam t\u00eb mbjella disa qepe t\u00eb njoma dhe kam edhe nj\u00eb rr\u00ebnj\u00eb hardhie. Sot m\u00eb dat\u00eb 16 n\u00ebntor 2021, rreth or\u00ebve t\u00eb m\u00ebngjesit ora 8 apo 9, nuk e di un\u00eb ndodhesha n\u00eb sht\u00ebpin\u00eb time dhe m\u00eb vjen djali i vog\u00ebl i Flor\u00ebs, t\u00eb cilit nuk ja di emrin, por e njoh q\u00eb \u00ebsht\u00eb djali i Flor\u00ebs, i cili filloi t\u00eb m\u00eb shante. Un\u00eb n\u00eb k\u00ebt\u00eb koh\u00eb isha duke punuar me kazm\u00eb tek oborri i sht\u00ebpis\u00eb time dhe ai erdhi af\u00ebr te porta, n\u00eb nj\u00eb distanc\u00eb nj\u00eb met\u00ebr larg nga un\u00eb dhe me thoshte: \u201d\u2026pse ma ngacmon mamin dhe vazhdonte t\u00eb shante\u2026\u201d. Nd\u00ebrsa un\u00eb i them:\u201c\u2026ik se e di un\u00eb \u00e7far\u00eb b\u00ebj\u2026 dhe djali vijonte t\u00eb m\u00eb shante. N\u00eb k\u00ebt\u00eb koh\u00eb, un\u00eb e kam q\u00eblluar me kazm\u00eb qylyke, me pjes\u00ebn e prapme t\u00eb kazm\u00ebs e cila \u00ebsht\u00eb me kunj hekuri n\u00eb kok\u00eb, i cili menj\u00ebher\u00eb u rr\u00ebzua dhe mbasi u rr\u00ebzua n\u00eb tok\u00eb un\u00eb e q\u00ebllova p\u00ebrs\u00ebri me kazm\u00eb n\u00eb kok\u00eb, dhe f\u00ebmija nuk u ngrit m\u00eb. M\u00eb pas i kam lidhur duart nga mbrapa, me nj\u00eb lidh\u00ebse k\u00ebpuc\u00ebsh. Mbasi e pash q\u00eb f\u00ebmija kishte vdekur e kam kapur prej k\u00ebmb\u00eb, e kam t\u00ebrhequr zvarr\u00eb dhe e kam hedhur te nj\u00eb grop\u00eb, e cila ndodhet rreth 5-6 metra larg vendit ku e vrava. Brenda n\u00eb oborrin e banes\u00ebs time, pasi e afrova te gropa e cila mundet t\u00eb ishte rreth 1 met\u00ebr e thell\u00eb, e kam shtyr\u00eb f\u00ebmij\u00ebn e vdekur me k\u00ebmb\u00eb, duke e rr\u00ebzuar brenda saj. M\u00eb pas e kam mbuluar me dhe, duke g\u00ebrmuar me lopat\u00eb af\u00ebr grop\u00ebs dhe dheun q\u00eb nxirja prej saj, ja hidhja f\u00ebmij\u00ebs q\u00eb ta mbuloja, t\u00eb cilin e mbulova plot\u00ebsisht. Mbasi mbarova, duke e mbuluar f\u00ebmij\u00ebn q\u00ebndrova n\u00eb sht\u00ebpi, n\u00eb oborrin e sht\u00ebpis\u00eb time dhe nuk kam l\u00ebvizur fare prej saj. Kur kam vrar\u00eb djalin e Flor\u00ebs dhe e kam groposur brenda n\u00eb oborrin e sht\u00ebpis\u00eb time, nuk m\u00eb ka par\u00eb asnj\u00eb person dhe nuk i kam treguar asnj\u00eb personi p\u00ebr f\u00ebmij\u00ebn q\u00eb vrava dhe groposa n\u00eb oborrin e banes\u00ebs time\u2026\u201d.<\/p>\n<p>Sipas raportimeve vrasja \u00ebsht\u00eb zbuluar nga kamerat e siguris\u00eb disa metra pran\u00eb banes\u00ebs s\u00eb t\u00eb miturit, ku \u00ebsht\u00eb konstatuar se, Mateo Vasiu \u00ebsht\u00eb par\u00eb t\u00eb dal\u00eb nga banesa e gjyshes s\u00eb tij me nj\u00eb bi\u00e7iklet\u00eb n\u00eb lagje.<\/p>\n<p>Mateo kishte shkuar t\u00eb blinte nj\u00eb buk\u00eb p\u00ebr \u00c7alamanin i cili i kishte dh\u00ebn\u00eb edhe lek\u00ebt.<\/p>\n<p>Por kur ai u kthye tek fqinji i tij, rezultoi q\u00eb t\u00eb ishin minutat e fundit p\u00ebr t\u00eb.<\/p>\n<p>Pasi ka par\u00eb kamerat e siguris\u00eb, policia ka kontrolluar banes\u00ebn e Klodian \u00c7alamanit, i cili u gjend n\u00eb banes\u00eb.<\/p>\n<p>Policia ka arritur t\u00eb gjej\u00eb bi\u00e7iklet\u00ebn, brenda n\u00eb oborrin e sht\u00ebpis\u00eb, por asnj\u00eb gjurm\u00eb t\u00eb Mateos.<\/p>\n<p>Gjat\u00eb kontrolleve policia ka par\u00eb pjes\u00ebn e punuar t\u00eb tok\u00ebs.<\/p>\n<p>Pasi jan\u00eb afruar kan\u00eb par\u00eb edhe dor\u00ebn e vog\u00eblushit t\u00eb mbetur jasht\u00eb grop\u00ebs, ku ishte mbuluar nga Klodian \u00c7alamani\/Abcnews.<\/p>\n","protected":false},"excerpt":{"rendered":"<p>I dyshuari p\u00ebr vrasjen e 8-vje\u00e7arit ka dh\u00ebn\u00eb d\u00ebshmin\u00eb e tij se si ka ndodhur rasti, shkruan Gazeta Sinjali. T\u00eb h\u00ebn\u00ebn n\u00eb m\u00ebngjes dyshohet se Klodian \u00c7alamani e ka goditur n\u00eb kok\u00eb Mateo Vasiun, e m\u00eb pas e ka varrosur n\u00eb oborrin e sht\u00ebpis\u00eb s\u00eb tij. \u00c7alamani n\u00eb d\u00ebshmin\u00eb e tij e pranoi se e [&hellip;]<\/p>\n","protected":false},"author":1,"featured_media":98110,"comment_status":"closed","ping_status":"closed","sticky":false,"template":"","format":"standard","meta":{"footnotes":""},"categories":[5],"tags":[],"class_list":{"0":"post-98109","1":"post","2":"type-post","3":"status-publish","4":"format-standard","5":"has-post-thumbnail","7":"category-lajme"},"_links":{"self":[{"href":"https:\/\/radiostargjilan.com\/web\/wp-json\/wp\/v2\/posts\/98109","targetHints":{"allow":["GET"]}}],"collection":[{"href":"https:\/\/radiostargjilan.com\/web\/wp-json\/wp\/v2\/posts"}],"about":[{"href":"https:\/\/radiostargjilan.com\/web\/wp-json\/wp\/v2\/types\/post"}],"author":[{"embeddable":true,"href":"https:\/\/radiostargjilan.com\/web\/wp-json\/wp\/v2\/users\/1"}],"replies":[{"embeddable":true,"href":"https:\/\/radiostargjilan.com\/web\/wp-json\/wp\/v2\/comments?post=98109"}],"version-history":[{"count":0,"href":"https:\/\/radiostargjilan.com\/web\/wp-json\/wp\/v2\/posts\/98109\/revisions"}],"wp:featuredmedia":[{"embeddable":true,"href":"https:\/\/radiostargjilan.com\/web\/wp-json\/wp\/v2\/media\/98110"}],"wp:attachment":[{"href":"https:\/\/radiostargjilan.com\/web\/wp-json\/wp\/v2\/media?parent=98109"}],"wp:term":[{"taxonomy":"category","embeddable":true,"href":"https:\/\/radiostargjilan.com\/web\/wp-json\/wp\/v2\/categories?post=98109"},{"taxonomy":"post_tag","embeddable":true,"href":"https:\/\/radiostargjilan.com\/web\/wp-json\/wp\/v2\/tags?post=98109"}],"curies":[{"name":"wp","href":"https:\/\/api.w.org\/{rel}","templated":true}]}}