{"id":98445,"date":"2021-11-22T10:49:10","date_gmt":"2021-11-22T09:49:10","guid":{"rendered":"https:\/\/radiostargjilan.com\/web\/?p=98445"},"modified":"2021-11-22T10:49:10","modified_gmt":"2021-11-22T09:49:10","slug":"reagon-kmdlnj-refuzimi-i-sherbimit-te-pjesetareve-te-komuniteteve-ne-lokale-racizem-i-kulluar","status":"publish","type":"post","link":"https:\/\/radiostargjilan.com\/web\/reagon-kmdlnj-refuzimi-i-sherbimit-te-pjesetareve-te-komuniteteve-ne-lokale-racizem-i-kulluar\/","title":{"rendered":"Reagon KMDLNj: Refuzimi i sh\u00ebrbimit t\u00eb pjes\u00ebtar\u00ebve t\u00eb komuniteteve n\u00eb lokale, raciz\u00ebm i kulluar"},"content":{"rendered":"<p>K\u00ebshilli p\u00ebr Mbrojtjen e t\u00eb Drejtave dhe Lirive t\u00eb Njeriut, ka reaguar pas postimit t\u00eb ministrit Elbert Krasniqi, se nj\u00eb lokal n\u00eb Gjakov\u00eb nuk iu ka sh\u00ebrbyer disa pjes\u00ebtar\u00ebve t\u00eb komuniteteve.<\/p>\n<p>KMDLNj e ka quajtur \u2018raciz\u00ebm t\u00eb kulluar\u2019 rastin n\u00eb fjal\u00eb.<\/p>\n<p>Po ashtu, KMDLNj ka ftuar policin\u00eb t\u00eb filloj\u00eb hetimet lidhur me k\u00ebt\u00eb rast dhe n\u00eb rast se sigurohen prova, t\u00eb merren masa ligjore ndaj atyre q\u00eb kan\u00eb refuzuar t\u2019iu sh\u00ebrbejn\u00eb komuniteteve.<\/p>\n<p>\u201cRefuzimi i sh\u00ebrbimit t\u00eb pjes\u00ebtar\u00ebve t\u00eb komuniteteve n\u00eb lokale, raciz\u00ebm i kulluar! Sipas nj\u00eb informate t\u00eb postuar nga ministri Engelbert Krasniqi , disa lokale gastronomike n\u00eb Gjakov\u00eb paskan refuzuar t\u2019i sh\u00ebrbejn\u00eb pjes\u00ebtar\u00ebt e komuniteteve dhe , p\u00ebr k\u00ebt\u00eb arsye ministri Krasniqi ka propozuar q\u00eb t\u00eb bojkotohen k\u00ebto lokale nga qytetar\u00ebt tjer\u00eb . KMDLNj nuk ka informata t\u00eb verifikuara q\u00eb e mb\u00ebshtesin k\u00ebt\u00eb deklarat\u00eb t\u00eb ministrit Krasniqi prandaj th\u00ebrret Policin\u00eb e Kosov\u00ebs q\u00eb, mb\u00ebshtetur n\u00eb deklarat\u00ebn publike t\u00eb nj\u00eb zyrtari t\u00eb lart\u00eb institucional, t\u00eb filloj\u00eb hetimet pas s\u00eb cilave , n\u00ebse sigurohen prova , do t\u00eb merreshin masa ligjore ndaj atyre q\u00eb , duke refuzuar t\u00eb sh\u00ebrbejn\u00eb pjes\u00ebtar\u00ebt e komuniteteve b\u00ebjn\u00eb shkelje t\u00eb t\u00eb drejtave t\u00eb njeriut t\u00eb garantuara me Kushtetut\u00ebn e Kosov\u00ebs\u201d, thuhet n\u00eb reagim.<\/p>\n<p>KMDLNj thot\u00eb se n\u00ebse pohimet e ministrit Krasniqi v\u00ebrtetohen nga policia, k\u00ebto raste mund t\u00eb konsiderohen si diskriminime n\u00eb baza racore.<\/p>\n<p>\u201cN\u00ebse pohimet publike t\u00eb ministrit Krasniqi v\u00ebrtetohen nga Policia e Kosov\u00ebs at\u00ebher\u00eb k\u00ebto raste mund t\u00eb cil\u00ebsohen si raciz\u00ebm i kulluar apo diskriminim n\u00eb baza raciale . P\u00ebr fat t\u00eb mir\u00eb , n\u00eb Kosov\u00eb , p\u00ebrkund\u00ebr shum\u00eb v\u00ebshtir\u00ebsive dhe problemeve , kryesisht p\u00ebr shkak t\u00eb situat\u00ebs s\u00eb r\u00ebnd\u00eb ekonomike , pik\u00ebrisht pjes\u00ebtar\u00ebt e komuniteteve , sidomos t\u00eb komunitetit rom\u00eb , egjiptas dhe ashkalinj kan\u00eb mbetur pa arsimim t\u00eb nevojsh\u00ebm prandaj edhe shkalla e papun\u00ebsis\u00eb te k\u00ebto komunitete \u00ebsht\u00eb m\u00eb e larta n\u00eb Kosov\u00eb mir\u00ebpo nuk ka pasur diskriminim n\u00eb baza raciale. Edhe qasja n\u00eb sh\u00ebrbime publike ka qen\u00eb m\u00eb e v\u00ebshtir\u00ebsuar\u201d, thuhet n\u00eb reagim.<\/p>\n<p>Ndryshe, ministri i Administrimit t\u00eb Pushtetit Lokal, Elbert Krasniqi, t\u00eb diel\u00ebn ka shkruar n\u00eb Facebook se nj\u00eb lokal n\u00eb Gjakov\u00eb nuk iu ka sh\u00ebrbyer pjes\u00ebtar\u00ebve t\u00eb komuniteteve.<\/p>\n","protected":false},"excerpt":{"rendered":"<p>K\u00ebshilli p\u00ebr Mbrojtjen e t\u00eb Drejtave dhe Lirive t\u00eb Njeriut, ka reaguar pas postimit t\u00eb ministrit Elbert Krasniqi, se nj\u00eb lokal n\u00eb Gjakov\u00eb nuk iu ka sh\u00ebrbyer disa pjes\u00ebtar\u00ebve t\u00eb komuniteteve. KMDLNj e ka quajtur \u2018raciz\u00ebm t\u00eb kulluar\u2019 rastin n\u00eb fjal\u00eb. Po ashtu, KMDLNj ka ftuar policin\u00eb t\u00eb filloj\u00eb hetimet lidhur me k\u00ebt\u00eb rast dhe [&hellip;]<\/p>\n","protected":false},"author":1,"featured_media":98446,"comment_status":"closed","ping_status":"closed","sticky":false,"template":"","format":"standard","meta":{"footnotes":""},"categories":[5],"tags":[],"class_list":{"0":"post-98445","1":"post","2":"type-post","3":"status-publish","4":"format-standard","5":"has-post-thumbnail","7":"category-lajme"},"_links":{"self":[{"href":"https:\/\/radiostargjilan.com\/web\/wp-json\/wp\/v2\/posts\/98445","targetHints":{"allow":["GET"]}}],"collection":[{"href":"https:\/\/radiostargjilan.com\/web\/wp-json\/wp\/v2\/posts"}],"about":[{"href":"https:\/\/radiostargjilan.com\/web\/wp-json\/wp\/v2\/types\/post"}],"author":[{"embeddable":true,"href":"https:\/\/radiostargjilan.com\/web\/wp-json\/wp\/v2\/users\/1"}],"replies":[{"embeddable":true,"href":"https:\/\/radiostargjilan.com\/web\/wp-json\/wp\/v2\/comments?post=98445"}],"version-history":[{"count":0,"href":"https:\/\/radiostargjilan.com\/web\/wp-json\/wp\/v2\/posts\/98445\/revisions"}],"wp:featuredmedia":[{"embeddable":true,"href":"https:\/\/radiostargjilan.com\/web\/wp-json\/wp\/v2\/media\/98446"}],"wp:attachment":[{"href":"https:\/\/radiostargjilan.com\/web\/wp-json\/wp\/v2\/media?parent=98445"}],"wp:term":[{"taxonomy":"category","embeddable":true,"href":"https:\/\/radiostargjilan.com\/web\/wp-json\/wp\/v2\/categories?post=98445"},{"taxonomy":"post_tag","embeddable":true,"href":"https:\/\/radiostargjilan.com\/web\/wp-json\/wp\/v2\/tags?post=98445"}],"curies":[{"name":"wp","href":"https:\/\/api.w.org\/{rel}","templated":true}]}}