{"id":98723,"date":"2021-11-25T09:33:08","date_gmt":"2021-11-25T08:33:08","guid":{"rendered":"https:\/\/radiostargjilan.com\/web\/?p=98723"},"modified":"2021-11-25T09:33:08","modified_gmt":"2021-11-25T08:33:08","slug":"autobusit-te-besa-trans-nuk-i-punonin-frenat-i-korruptonin-me-nga-10-euro-policet-bullgare","status":"publish","type":"post","link":"https:\/\/radiostargjilan.com\/web\/autobusit-te-besa-trans-nuk-i-punonin-frenat-i-korruptonin-me-nga-10-euro-policet-bullgare\/","title":{"rendered":"\u201cAutobusit t\u00eb Besa Trans nuk i punonin frenat, i korruptonin me nga 10 euro polic\u00ebt bullgar\u00eb\u201d"},"content":{"rendered":"<p>Atletja e njohur, Drita Islami, ka ndar\u00eb nj\u00eb p\u00ebrvoj\u00eb nga nj\u00eb udh\u00ebtim me kompanin\u00eb \u201cBesa Trans\u201d, autobusi i s\u00eb cil\u00ebs u aksidentua dhe u p\u00ebrfshi nga flak\u00ebt t\u00eb mart\u00ebn n\u00eb Bullgari, ku mbet\u00ebn t\u00eb vdekur 45 persona dhe u l\u00ebnduan shtat\u00eb t\u00eb tjer\u00eb.<\/p>\n<p>Gjat\u00eb k\u00ebtij udh\u00ebtimi, ajo thot\u00eb se policia e kishte ndaluar autobusin p\u00ebr kontroll teknik dhe se nuk e kishte kaluar testin p\u00ebr frenim dhe se freni i dor\u00ebs nuk ishte n\u00eb funksion fare.<\/p>\n<p>\u201cN\u00eb vitin 2019, kur m\u00eb duhej t\u00eb udh\u00ebtoja deri n\u00eb Aeroportin e Sofjes, po kjo kompani ishte ajo prej s\u00eb cil\u00ebs bleva bilet\u00eb. Mjeti i tyre transportues u ndalua nga policia p\u00ebr kontrollim teknik. Policia e kishte ndaluar edhe 2 her t\u00eb tjera gjat t\u00eb njejt\u00ebs jav\u00eb por e kishin l\u00ebshuar disi, por k\u00ebsaj rradhe JO. Bashk\u00eb me pes\u00eb udh\u00ebtar t\u00eb tjer\u00eb, ishim d\u00ebshmitar q\u00eb ky mjet transporti i k\u00ebsaj kompanie, nuk e kaloi testin p\u00ebr frenim<\/p>\n<p>kurse freni i dor\u00ebs nuk ishte n\u00eb funksion fare <\/p>\n<p>\u201d, ka shkruar Islami.<\/p>\n<p>Tutje, ajo ka th\u00ebn\u00eb se m\u00eb pas u detyruan t\u00eb vazhdojn\u00eb udh\u00ebtimin me nj\u00eb mjet tjet\u00ebr privat. Edhe me ket\u00eb mjet, thot\u00eb se policia bullgare i kishte ndaluar disa her\u00eb p\u00ebr tejkalim shpejt\u00ebsie, por se vozit\u00ebsi i automjetit i korruptonte me vet\u00ebm 10 euro.<\/p>\n<p>\u201cM\u00eb pas, u detyruam t\u00eb vazhdojm\u00eb udh\u00ebtimin me mjet tjet\u00ebr privat, ja q\u00eb vozit\u00ebsi i k\u00ebtij mjeti, n\u00eb fakt, ishte vozit\u00ebs \u201chua\u201d i k\u00ebsaj kompie n\u00eb rast se mjetet e tyre nuk e kalojn\u00eb kontrollimin me sukses, transportohen me k\u00ebt\u00eb mjet, vetur normale p\u00ebr 5 persona, kurse ne bashk me vozit\u00ebsin ishim 7, i cili na rrezikoi jet\u00ebt dona disa her gjat rruges, duke u ndaluar nga policia bullgare p\u00ebr tejkalim shpejt\u00ebsie dhe i korruptonte me vet\u00ebm 10\u20ac <\/p>\n<p>  Do t\u00eb thot\u00eb, kjo kompani asnj\u00ebher\u00eb nuk ka tentuar t\u2019i rregulloj\u00eb problemet teknike t\u00eb mjet\u00ebve t\u00eb tyre, dhe nuk mban p\u00ebrgjegjsi p\u00ebr jet\u00ebn e udh\u00ebtar\u00ebve. Po e paguajm\u00eb \u00e7mimin e mos t\u00eb mbajturit p\u00ebrgjegj\u00ebs njer\u00ebzit p\u00ebr gabimet e tyre, edhe at\u00eb me \u00e7far\u00eb \u00e7mimi se!\u201d, ka shkruar Islami.<\/p>\n<p>Autobusi, i regjistruar n\u00eb Maqedonin\u00eb e Veriut, \u00ebsht\u00eb p\u00ebrfshir\u00eb nga flak\u00ebt n\u00eb nj\u00eb autostrad\u00eb, n\u00eb jugper\u00ebndim t\u00eb Sofjes, m\u00ebngjesin e 23 n\u00ebntorit.<\/p>\n<p>Hetimet p\u00ebr shkakun e zjarrit kan\u00eb nisur. N\u00eb mesin e viktimave jan\u00eb gjithsej 12 f\u00ebmij\u00eb, p\u00ebrfshir\u00eb du v\u00ebllez\u00ebr binjak\u00eb nga 4 vje\u00e7.<\/p>\n<p>Shumica e udh\u00ebtar\u00ebve ishin turist\u00eb q\u00eb ktheheshin nga nj\u00eb udh\u00ebtim n\u00eb Stamboll t\u00eb Turqis\u00eb. Shtat\u00eb persona kan\u00eb shp\u00ebtuar dhe jan\u00eb d\u00ebrguar me djegie n\u00eb spital.<\/p>\n<p>Maqedonia e Veriut ka shpallur tri dit\u00eb zie p\u00ebr viktimat. Dit\u00eb zie kan\u00eb shpallur edhe Kosova dhe Bullgaria.<\/p>\n","protected":false},"excerpt":{"rendered":"<p>Atletja e njohur, Drita Islami, ka ndar\u00eb nj\u00eb p\u00ebrvoj\u00eb nga nj\u00eb udh\u00ebtim me kompanin\u00eb \u201cBesa Trans\u201d, autobusi i s\u00eb cil\u00ebs u aksidentua dhe u p\u00ebrfshi nga flak\u00ebt t\u00eb mart\u00ebn n\u00eb Bullgari, ku mbet\u00ebn t\u00eb vdekur 45 persona dhe u l\u00ebnduan shtat\u00eb t\u00eb tjer\u00eb. Gjat\u00eb k\u00ebtij udh\u00ebtimi, ajo thot\u00eb se policia e kishte ndaluar autobusin p\u00ebr [&hellip;]<\/p>\n","protected":false},"author":1,"featured_media":98724,"comment_status":"closed","ping_status":"closed","sticky":false,"template":"","format":"standard","meta":{"footnotes":""},"categories":[5],"tags":[],"class_list":{"0":"post-98723","1":"post","2":"type-post","3":"status-publish","4":"format-standard","5":"has-post-thumbnail","7":"category-lajme"},"_links":{"self":[{"href":"https:\/\/radiostargjilan.com\/web\/wp-json\/wp\/v2\/posts\/98723","targetHints":{"allow":["GET"]}}],"collection":[{"href":"https:\/\/radiostargjilan.com\/web\/wp-json\/wp\/v2\/posts"}],"about":[{"href":"https:\/\/radiostargjilan.com\/web\/wp-json\/wp\/v2\/types\/post"}],"author":[{"embeddable":true,"href":"https:\/\/radiostargjilan.com\/web\/wp-json\/wp\/v2\/users\/1"}],"replies":[{"embeddable":true,"href":"https:\/\/radiostargjilan.com\/web\/wp-json\/wp\/v2\/comments?post=98723"}],"version-history":[{"count":0,"href":"https:\/\/radiostargjilan.com\/web\/wp-json\/wp\/v2\/posts\/98723\/revisions"}],"wp:featuredmedia":[{"embeddable":true,"href":"https:\/\/radiostargjilan.com\/web\/wp-json\/wp\/v2\/media\/98724"}],"wp:attachment":[{"href":"https:\/\/radiostargjilan.com\/web\/wp-json\/wp\/v2\/media?parent=98723"}],"wp:term":[{"taxonomy":"category","embeddable":true,"href":"https:\/\/radiostargjilan.com\/web\/wp-json\/wp\/v2\/categories?post=98723"},{"taxonomy":"post_tag","embeddable":true,"href":"https:\/\/radiostargjilan.com\/web\/wp-json\/wp\/v2\/tags?post=98723"}],"curies":[{"name":"wp","href":"https:\/\/api.w.org\/{rel}","templated":true}]}}