{"id":98726,"date":"2021-11-25T09:36:07","date_gmt":"2021-11-25T08:36:07","guid":{"rendered":"https:\/\/radiostargjilan.com\/web\/?p=98726"},"modified":"2021-11-25T09:36:07","modified_gmt":"2021-11-25T08:36:07","slug":"i-merret-licenca-kompanise-besa-trans","status":"publish","type":"post","link":"https:\/\/radiostargjilan.com\/web\/i-merret-licenca-kompanise-besa-trans\/","title":{"rendered":"I merret licenca kompanis\u00eb \u201cBesa Trans\u201d"},"content":{"rendered":"<p>Ministria e Transportit dhe Lidhjeve p\u00ebrmes nj\u00eb njoftimi thot\u00eb se pas t\u00eb dh\u00ebnave zyrtare t\u00eb dor\u00ebzuara nga Ministria e Pun\u00ebve t\u00eb Brendshme e q\u00eb ka t\u00eb b\u00ebj\u00eb me autobusin e djegur me tabela SK-0884-BA n\u00eb pron\u00ebsi t\u00eb firm\u00ebs \u201cBesa Trans BTB\u201d, ministria ka v\u00ebrtetuar se p\u00ebr automjetin e p\u00ebrmendur nuk \u00ebsht\u00eb dh\u00ebn\u00eb licenc\u00eb p\u00ebr transportim nd\u00ebrkomb\u00ebtar t\u00eb udh\u00ebtar\u00ebve dhe as ndonj\u00eb lloj tjet\u00ebr t\u00eb transportimit t\u00eb udh\u00ebtar\u00ebve.<\/p>\n<p>Ata shtojn\u00eb se po ashtu nuk \u00ebsht\u00eb evidentuar n\u00eb evidenc\u00ebn elektronike t\u00eb licencave t\u00eb dh\u00ebna p\u00ebr kryerjen e transportimit t\u00eb brendsh\u00ebm ose nd\u00ebrkomb\u00ebtar t\u00eb udh\u00ebtar\u00ebve q\u00eb e udh\u00ebheq Ministria e Transportit dhe Lidhjeve.<\/p>\n<p>Nga kjo ministri thon\u00eb se ka regjistruar tre automjete t\u00eb licencuara t\u00eb firm\u00ebs \u201cBesa Trans BTB\u201d, nd\u00ebrsa autobusi i djegur nuk \u00ebsht\u00eb n\u00eb mesin e automjeteve t\u00eb regjistruar.<\/p>\n<p>\u201cN\u00eb pajtim me nenin 12 t\u00eb Ligjit p\u00ebr transport rrugor dhe p\u00ebr shkak t\u00eb mungesave q\u00eb jan\u00eb v\u00ebrtetuar nga ana e Ministris\u00eb s\u00eb Transportit dhe Lidhjeve dhe me q\u00ebllim q\u00eb t\u00eb parandalohet ndonj\u00eb veprim tjet\u00ebr nga firma q\u00eb do t\u00eb mund t\u00eb nxis\u00eb pasoja negative, firm\u00ebs \u201cBesa Trans BTB\u201d i merret licenca p\u00ebr pun\u00ebs, p\u00ebrkat\u00ebsisht ndalesa p\u00ebr kryerjen e veprimtaris\u00eb\u201d, thon\u00eb nga kjo ministri.<\/p>\n<p>Ata obligojn\u00eb firm\u00ebn q\u00eb menj\u00ebher\u00eb ta deponoj\u00eb licenc\u00ebn p\u00ebr transportimin nd\u00ebrkomb\u00ebtar t\u00eb udh\u00ebtar\u00ebve dhe certifikatat p\u00ebr licenc\u00eb p\u00ebr transportimin nd\u00ebrkomb\u00ebtar t\u00eb udh\u00ebtar\u00ebve n\u00eb Ministrin\u00eb e Transportit dhe Lidhjeve.<\/p>\n<p>Nga kjo ministri po ashtu theksojn\u00eb se qeveria n\u00eb mbledhjen e fundit ka obliguar Inspektoratin Shtet\u00ebror t\u00eb kryej kontroll t\u00eb jasht\u00ebzakonsh\u00ebm n\u00eb firm\u00ebn \u201cBesa Trans\u201d.<\/p>\n","protected":false},"excerpt":{"rendered":"<p>Ministria e Transportit dhe Lidhjeve p\u00ebrmes nj\u00eb njoftimi thot\u00eb se pas t\u00eb dh\u00ebnave zyrtare t\u00eb dor\u00ebzuara nga Ministria e Pun\u00ebve t\u00eb Brendshme e q\u00eb ka t\u00eb b\u00ebj\u00eb me autobusin e djegur me tabela SK-0884-BA n\u00eb pron\u00ebsi t\u00eb firm\u00ebs \u201cBesa Trans BTB\u201d, ministria ka v\u00ebrtetuar se p\u00ebr automjetin e p\u00ebrmendur nuk \u00ebsht\u00eb dh\u00ebn\u00eb licenc\u00eb p\u00ebr transportim [&hellip;]<\/p>\n","protected":false},"author":1,"featured_media":98727,"comment_status":"closed","ping_status":"closed","sticky":false,"template":"","format":"standard","meta":{"footnotes":""},"categories":[5],"tags":[],"class_list":{"0":"post-98726","1":"post","2":"type-post","3":"status-publish","4":"format-standard","5":"has-post-thumbnail","7":"category-lajme"},"_links":{"self":[{"href":"https:\/\/radiostargjilan.com\/web\/wp-json\/wp\/v2\/posts\/98726","targetHints":{"allow":["GET"]}}],"collection":[{"href":"https:\/\/radiostargjilan.com\/web\/wp-json\/wp\/v2\/posts"}],"about":[{"href":"https:\/\/radiostargjilan.com\/web\/wp-json\/wp\/v2\/types\/post"}],"author":[{"embeddable":true,"href":"https:\/\/radiostargjilan.com\/web\/wp-json\/wp\/v2\/users\/1"}],"replies":[{"embeddable":true,"href":"https:\/\/radiostargjilan.com\/web\/wp-json\/wp\/v2\/comments?post=98726"}],"version-history":[{"count":0,"href":"https:\/\/radiostargjilan.com\/web\/wp-json\/wp\/v2\/posts\/98726\/revisions"}],"wp:featuredmedia":[{"embeddable":true,"href":"https:\/\/radiostargjilan.com\/web\/wp-json\/wp\/v2\/media\/98727"}],"wp:attachment":[{"href":"https:\/\/radiostargjilan.com\/web\/wp-json\/wp\/v2\/media?parent=98726"}],"wp:term":[{"taxonomy":"category","embeddable":true,"href":"https:\/\/radiostargjilan.com\/web\/wp-json\/wp\/v2\/categories?post=98726"},{"taxonomy":"post_tag","embeddable":true,"href":"https:\/\/radiostargjilan.com\/web\/wp-json\/wp\/v2\/tags?post=98726"}],"curies":[{"name":"wp","href":"https:\/\/api.w.org\/{rel}","templated":true}]}}