{"id":98871,"date":"2021-11-27T12:25:57","date_gmt":"2021-11-27T11:25:57","guid":{"rendered":"https:\/\/radiostargjilan.com\/web\/?p=98871"},"modified":"2021-11-27T12:25:57","modified_gmt":"2021-11-27T11:25:57","slug":"hyseni-mbreme-u-tronditem-nga-ngjarja-e-rende-e-ndodhur-ne-gllogjan-te-decanit","status":"publish","type":"post","link":"https:\/\/radiostargjilan.com\/web\/hyseni-mbreme-u-tronditem-nga-ngjarja-e-rende-e-ndodhur-ne-gllogjan-te-decanit\/","title":{"rendered":"Hyseni: Mbr\u00ebm\u00eb u trondit\u00ebm nga ngjarja e r\u00ebnd\u00eb e ndodhur n\u00eb Gllogjan t\u00eb De\u00e7anit"},"content":{"rendered":"<p>Kryetari n\u00eb ardhje Alban Hyseni, p\u00ebrmes nj\u00eb postimi n\u00eb facebook, i\u2019u ka shprehu ngush\u00ebllime familjar\u00ebve q\u00eb humb\u00ebn m\u00eb t\u00eb dashurit e tyre nga ngjarja e r\u00ebnd\u00eb e cila ndodhi mbr\u00ebm n\u00eb Gllogjan, ku mbet\u00ebn t\u00eb vrar\u00eb dy nx\u00ebn\u00ebs si dhe shoferi i nj\u00eb linje t\u00eb autobusit.<\/p>\n<p>Hyseni ka k\u00ebrkuar nga organet e rendit q\u00eb ky rast i sh\u00ebmtuar duhet t\u00eb zbardhet sa m\u00eb shpejt\u00eb shkruan Radio Star.<\/p>\n<p>Postimi i plot\u00eb:<\/p>\n<p>Mbr\u00ebm\u00eb u trondit\u00ebm nga ngjarja e r\u00ebnd\u00eb e ndodhur n\u00eb Gllogjan t\u00eb De\u00e7anit. Ngush\u00ebllimet m\u00eb t\u00eb sinqerta p\u00ebr familjar\u00ebt q\u00eb humb\u00ebn t\u00eb af\u00ebrmit e tyre. <\/p>\n<p>Ndodhi t\u00eb tilla t\u00eb sh\u00ebmtuara, duhet t\u00eb zbardhen sa m\u00eb shpejt nga organet kompetente. T&#8217;i q\u00ebndrojm\u00eb pran\u00eb nj\u00ebri-tjetrit, n\u00eb solidaritet, n\u00eb \u00e7aste t\u00eb v\u00ebshtira si ky q\u00eb p\u00ebrjetuam mbr\u00ebmjen e djeshme, me shpres\u00ebn q\u00eb ngjarje t\u00eb tilla t\u00eb mos ndodhin m\u00eb.\/RADIOSTAR\/<\/p>\n","protected":false},"excerpt":{"rendered":"<p>Kryetari n\u00eb ardhje Alban Hyseni, p\u00ebrmes nj\u00eb postimi n\u00eb facebook, i\u2019u ka shprehu ngush\u00ebllime familjar\u00ebve q\u00eb humb\u00ebn m\u00eb t\u00eb dashurit e tyre nga ngjarja e r\u00ebnd\u00eb e cila ndodhi mbr\u00ebm n\u00eb Gllogjan, ku mbet\u00ebn t\u00eb vrar\u00eb dy nx\u00ebn\u00ebs si dhe shoferi i nj\u00eb linje t\u00eb autobusit. Hyseni ka k\u00ebrkuar nga organet e rendit q\u00eb ky [&hellip;]<\/p>\n","protected":false},"author":1,"featured_media":98872,"comment_status":"closed","ping_status":"closed","sticky":false,"template":"","format":"standard","meta":{"footnotes":""},"categories":[5],"tags":[],"class_list":{"0":"post-98871","1":"post","2":"type-post","3":"status-publish","4":"format-standard","5":"has-post-thumbnail","7":"category-lajme"},"_links":{"self":[{"href":"https:\/\/radiostargjilan.com\/web\/wp-json\/wp\/v2\/posts\/98871","targetHints":{"allow":["GET"]}}],"collection":[{"href":"https:\/\/radiostargjilan.com\/web\/wp-json\/wp\/v2\/posts"}],"about":[{"href":"https:\/\/radiostargjilan.com\/web\/wp-json\/wp\/v2\/types\/post"}],"author":[{"embeddable":true,"href":"https:\/\/radiostargjilan.com\/web\/wp-json\/wp\/v2\/users\/1"}],"replies":[{"embeddable":true,"href":"https:\/\/radiostargjilan.com\/web\/wp-json\/wp\/v2\/comments?post=98871"}],"version-history":[{"count":0,"href":"https:\/\/radiostargjilan.com\/web\/wp-json\/wp\/v2\/posts\/98871\/revisions"}],"wp:featuredmedia":[{"embeddable":true,"href":"https:\/\/radiostargjilan.com\/web\/wp-json\/wp\/v2\/media\/98872"}],"wp:attachment":[{"href":"https:\/\/radiostargjilan.com\/web\/wp-json\/wp\/v2\/media?parent=98871"}],"wp:term":[{"taxonomy":"category","embeddable":true,"href":"https:\/\/radiostargjilan.com\/web\/wp-json\/wp\/v2\/categories?post=98871"},{"taxonomy":"post_tag","embeddable":true,"href":"https:\/\/radiostargjilan.com\/web\/wp-json\/wp\/v2\/tags?post=98871"}],"curies":[{"name":"wp","href":"https:\/\/api.w.org\/{rel}","templated":true}]}}