{"id":98886,"date":"2021-11-27T15:43:01","date_gmt":"2021-11-27T14:43:01","guid":{"rendered":"https:\/\/radiostargjilan.com\/web\/?p=98886"},"modified":"2021-11-27T15:43:01","modified_gmt":"2021-11-27T14:43:01","slug":"svecla-i-bej-ultimatum-vrasesit-te-dorezohet-po-koordinohemi-me-aki-ne","status":"publish","type":"post","link":"https:\/\/radiostargjilan.com\/web\/svecla-i-bej-ultimatum-vrasesit-te-dorezohet-po-koordinohemi-me-aki-ne\/","title":{"rendered":"Sve\u00e7la: I b\u00ebj ultimatum vras\u00ebsit t\u00eb dor\u00ebzohet, po koordinohemi me AKI-n\u00eb"},"content":{"rendered":"<p>Ministri i Brendsh\u00ebm, Xhelal Sve\u00e7la, u ka b\u00ebr\u00eb thirrje qytetar\u00ebve q\u00eb kushdo q\u00eb ka informacione p\u00ebr krimin q\u00eb ka ndodhur mbr\u00ebm\u00eb n\u00eb Gllogjan t\u00eb bashk\u00ebpunoj\u00eb me policin\u00eb.<\/p>\n<p>Ai n\u00eb nj\u00eb konferenc\u00eb p\u00ebr media ka th\u00ebn\u00eb se t\u00eb gjitha kapacitetet shtet\u00ebrore jan\u00eb n\u00eb dispozicion p\u00ebr zbulimin e k\u00ebtij rasti.<\/p>\n<p> \u201cUn\u00eb jam kthy n\u00eb Kosov\u00eb dhe kam ardh\u00eb drejt n\u00eb De\u00e7an p\u00ebr ta takuar policin\u00eb dhe prokuror\u00ebt e rastit p\u00ebr t\u2019i v\u00ebn\u00eb n\u00eb dispozicion t\u00eb gjitha kapacitetet p\u00ebr zbardhjen e rastit. Dua t\u2019i b\u00ebj ftes\u00eb qytetar\u00ebve q\u00eb p\u00ebr \u00e7far\u00eb do informacioni t\u2019i drejtohen prokuroris\u00eb dhe policis\u00eb n\u00eb m\u00ebnyr\u00eb q\u00eb rasti t\u00eb zbardhet sa m\u00eb par\u00eb\u201d, tha ai.<\/p>\n<p>\u201cUn\u00eb i b\u00ebj ultimatum vras\u00ebsit q\u00eb t\u00eb dor\u00ebzohet sepse p\u00ebr \u00e7do dit\u00eb ai i r\u00ebndon t\u00eb tjer\u00ebt, ai q\u00eb i ndihmon vras\u00ebsit implikohet n\u00eb vep\u00ebr penale. Sa m\u00eb par\u00eb q\u00eb dor\u00ebzohet aq m\u00eb mir\u00eb p\u00ebr rrethin e tij dhe p\u00ebr qytetar\u00ebt e Kosov\u00ebs. Un\u00eb mund t\u00eb garantoj se jemi t\u00eb vendosur q\u00eb t\u00eb gjitha kapacitetet tona shtet\u00ebrore jan\u00eb n\u00eb dispozicion t\u00eb zbulimit t\u00eb k\u00ebtij rasti\u201d, tha ai.<\/p>\n<p>Tutje ministri Sve\u00e7la u shpreh se kan\u00eb informacione t\u00eb ndryshme dhe hetimet po b\u00ebhen n\u00eb disa pista.<\/p>\n<p>\u201cTash kemi informacione t\u00eb ndryshme n\u00eb rrug\u00eb t\u00eb ndryshme t\u00eb cilat policia e Kosov\u00ebs \u00ebsht\u00eb duke I trajtuar nj\u00eb p\u00ebr nj\u00eb. Jan\u00eb duke u trajtuar disa pista q\u00eb po hetohen. Jemi n\u00eb kontakt t\u00eb vazhduesh\u00ebm me prokurorin\u00eb speciale dhe prokurorin\u00eb e rastit, poashtu kemi koordinim me AKI-n\u00eb q\u00eb rasti t\u00eb zbulohet sa m\u00eb par\u00eb dhe vras\u00ebsi t\u00eb vihet para drejt\u00ebsis\u00eb\u201d, tha ai.<\/p>\n","protected":false},"excerpt":{"rendered":"<p>Ministri i Brendsh\u00ebm, Xhelal Sve\u00e7la, u ka b\u00ebr\u00eb thirrje qytetar\u00ebve q\u00eb kushdo q\u00eb ka informacione p\u00ebr krimin q\u00eb ka ndodhur mbr\u00ebm\u00eb n\u00eb Gllogjan t\u00eb bashk\u00ebpunoj\u00eb me policin\u00eb. Ai n\u00eb nj\u00eb konferenc\u00eb p\u00ebr media ka th\u00ebn\u00eb se t\u00eb gjitha kapacitetet shtet\u00ebrore jan\u00eb n\u00eb dispozicion p\u00ebr zbulimin e k\u00ebtij rasti. \u201cUn\u00eb jam kthy n\u00eb Kosov\u00eb dhe kam [&hellip;]<\/p>\n","protected":false},"author":1,"featured_media":98887,"comment_status":"closed","ping_status":"closed","sticky":false,"template":"","format":"standard","meta":{"footnotes":""},"categories":[5],"tags":[],"class_list":{"0":"post-98886","1":"post","2":"type-post","3":"status-publish","4":"format-standard","5":"has-post-thumbnail","7":"category-lajme"},"_links":{"self":[{"href":"https:\/\/radiostargjilan.com\/web\/wp-json\/wp\/v2\/posts\/98886","targetHints":{"allow":["GET"]}}],"collection":[{"href":"https:\/\/radiostargjilan.com\/web\/wp-json\/wp\/v2\/posts"}],"about":[{"href":"https:\/\/radiostargjilan.com\/web\/wp-json\/wp\/v2\/types\/post"}],"author":[{"embeddable":true,"href":"https:\/\/radiostargjilan.com\/web\/wp-json\/wp\/v2\/users\/1"}],"replies":[{"embeddable":true,"href":"https:\/\/radiostargjilan.com\/web\/wp-json\/wp\/v2\/comments?post=98886"}],"version-history":[{"count":0,"href":"https:\/\/radiostargjilan.com\/web\/wp-json\/wp\/v2\/posts\/98886\/revisions"}],"wp:featuredmedia":[{"embeddable":true,"href":"https:\/\/radiostargjilan.com\/web\/wp-json\/wp\/v2\/media\/98887"}],"wp:attachment":[{"href":"https:\/\/radiostargjilan.com\/web\/wp-json\/wp\/v2\/media?parent=98886"}],"wp:term":[{"taxonomy":"category","embeddable":true,"href":"https:\/\/radiostargjilan.com\/web\/wp-json\/wp\/v2\/categories?post=98886"},{"taxonomy":"post_tag","embeddable":true,"href":"https:\/\/radiostargjilan.com\/web\/wp-json\/wp\/v2\/tags?post=98886"}],"curies":[{"name":"wp","href":"https:\/\/api.w.org\/{rel}","templated":true}]}}