{"id":99419,"date":"2021-12-03T15:13:30","date_gmt":"2021-12-03T14:13:30","guid":{"rendered":"https:\/\/radiostargjilan.com\/web\/?p=99419"},"modified":"2021-12-03T15:13:30","modified_gmt":"2021-12-03T14:13:30","slug":"javen-e-ardhshme-fillon-shperndarja-e-lendeve-permes-sistemit-smil-ne-gjykaten-e-apelit","status":"publish","type":"post","link":"https:\/\/radiostargjilan.com\/web\/javen-e-ardhshme-fillon-shperndarja-e-lendeve-permes-sistemit-smil-ne-gjykaten-e-apelit\/","title":{"rendered":"Jav\u00ebn e ardhshme fillon shp\u00ebrndarja e l\u00ebnd\u00ebve p\u00ebrmes sistemit SMIL n\u00eb Gjykat\u00ebn e Apelit"},"content":{"rendered":"<p>Pas p\u00ebrgatitjeve t\u00eb Sistemit p\u00ebr Menaxhimin Informativ t\u00eb L\u00ebnd\u00ebve (SMIL) lidhur me zgjerimin e k\u00ebtij funksioni p\u00ebr p\u00ebrdorim edhe n\u00eb Gjykat\u00ebn e Apelit t\u00eb Kosov\u00ebs, shp\u00ebrndarja automatike e l\u00ebnd\u00ebve pritet t\u00eb filloj n\u00eb Gjykat\u00ebn e Apelit, fillimisht me Departamentin Administrativ pastaj edhe me departamentet tjera n\u00eb k\u00ebt\u00eb gjykat\u00eb.<\/p>\n<p>P\u00ebr k\u00ebt\u00eb qellim, Kryesuesi i KGJK-s\u00eb, Albert Zogaj, s\u00eb bashku me Menaxherin e Projektit, Fatmir Rexhepi dhe Drejtorin e Departamentit t\u00eb Statistikave, Besnik Ramosaj, vizituan sot Gjykat\u00ebn e Apelit me \u00e7\u2019rast njoftuan U.D. Kryetarin e Gjykat\u00ebs s\u00eb Apelit, Afrim Shala lidhur me aktivitetet e planifikuara rreth implementimit t\u00eb k\u00ebtij funksioni.<\/p>\n<p>P\u00ebrmes implementimit t\u00eb k\u00ebtij funksioni n\u00eb gjykatat themelore, dhe tani edhe n\u00eb Gjykat\u00ebn e Apelit, KGJK ka rritur transparenc\u00ebn duke hequr nga p\u00ebrdorimi m\u00ebnyr\u00ebn manuale t\u00eb shp\u00ebrndarjes s\u00eb l\u00ebnd\u00ebve, pasi q\u00eb caktimi i l\u00ebnd\u00ebve te gjyqtar\u00ebt tani b\u00ebhet n\u00eb m\u00ebnyr\u00eb automatike duke eliminuar mund\u00ebsin\u00eb e manipulimit t\u00eb procesit t\u00eb shp\u00ebrndarjes s\u00eb l\u00ebnd\u00ebve dhe duke p\u00ebrmir\u00ebsuar procesin e pun\u00ebs n\u00eb procedimin e l\u00ebnd\u00ebve.<\/p>\n<p>Kryesuesi i KGJK-s\u00eb, Albert Zogaj tha se transformimi i procesit t\u00eb pun\u00ebs nga m\u00ebnyra manuale n\u00eb elektronike, \u00ebsht\u00eb nj\u00eb nga synimet tona q\u00eb do t\u00eb rezultoj\u00eb n\u00eb nj\u00eb sistem gjyq\u00ebsor m\u00eb transparent dhe m\u00eb t\u00eb besuesh\u00ebm p\u00ebr t\u00eb gjith\u00eb.<\/p>\n","protected":false},"excerpt":{"rendered":"<p>Pas p\u00ebrgatitjeve t\u00eb Sistemit p\u00ebr Menaxhimin Informativ t\u00eb L\u00ebnd\u00ebve (SMIL) lidhur me zgjerimin e k\u00ebtij funksioni p\u00ebr p\u00ebrdorim edhe n\u00eb Gjykat\u00ebn e Apelit t\u00eb Kosov\u00ebs, shp\u00ebrndarja automatike e l\u00ebnd\u00ebve pritet t\u00eb filloj n\u00eb Gjykat\u00ebn e Apelit, fillimisht me Departamentin Administrativ pastaj edhe me departamentet tjera n\u00eb k\u00ebt\u00eb gjykat\u00eb. P\u00ebr k\u00ebt\u00eb qellim, Kryesuesi i KGJK-s\u00eb, Albert [&hellip;]<\/p>\n","protected":false},"author":1,"featured_media":99420,"comment_status":"closed","ping_status":"closed","sticky":false,"template":"","format":"standard","meta":{"footnotes":""},"categories":[5],"tags":[],"class_list":{"0":"post-99419","1":"post","2":"type-post","3":"status-publish","4":"format-standard","5":"has-post-thumbnail","7":"category-lajme"},"_links":{"self":[{"href":"https:\/\/radiostargjilan.com\/web\/wp-json\/wp\/v2\/posts\/99419","targetHints":{"allow":["GET"]}}],"collection":[{"href":"https:\/\/radiostargjilan.com\/web\/wp-json\/wp\/v2\/posts"}],"about":[{"href":"https:\/\/radiostargjilan.com\/web\/wp-json\/wp\/v2\/types\/post"}],"author":[{"embeddable":true,"href":"https:\/\/radiostargjilan.com\/web\/wp-json\/wp\/v2\/users\/1"}],"replies":[{"embeddable":true,"href":"https:\/\/radiostargjilan.com\/web\/wp-json\/wp\/v2\/comments?post=99419"}],"version-history":[{"count":0,"href":"https:\/\/radiostargjilan.com\/web\/wp-json\/wp\/v2\/posts\/99419\/revisions"}],"wp:featuredmedia":[{"embeddable":true,"href":"https:\/\/radiostargjilan.com\/web\/wp-json\/wp\/v2\/media\/99420"}],"wp:attachment":[{"href":"https:\/\/radiostargjilan.com\/web\/wp-json\/wp\/v2\/media?parent=99419"}],"wp:term":[{"taxonomy":"category","embeddable":true,"href":"https:\/\/radiostargjilan.com\/web\/wp-json\/wp\/v2\/categories?post=99419"},{"taxonomy":"post_tag","embeddable":true,"href":"https:\/\/radiostargjilan.com\/web\/wp-json\/wp\/v2\/tags?post=99419"}],"curies":[{"name":"wp","href":"https:\/\/api.w.org\/{rel}","templated":true}]}}