{"id":99422,"date":"2021-12-03T15:18:04","date_gmt":"2021-12-03T14:18:04","guid":{"rendered":"https:\/\/radiostargjilan.com\/web\/?p=99422"},"modified":"2021-12-03T15:18:04","modified_gmt":"2021-12-03T14:18:04","slug":"lot-e-dhimbje-varrosen-disa-nga-viktimat-e-aksidentit-ne-bullgari","status":"publish","type":"post","link":"https:\/\/radiostargjilan.com\/web\/lot-e-dhimbje-varrosen-disa-nga-viktimat-e-aksidentit-ne-bullgari\/","title":{"rendered":"Lot e dhimbje, varrosen disa nga viktimat e aksidentit n\u00eb Bullgari"},"content":{"rendered":"<p>N\u00eb fshatin Studeni\u00e7an t\u00eb Maqedonis\u00eb \u00ebsht\u00eb duke u mbajtur ceremonia e varrimit t\u00eb kat\u00ebr viktimave q\u00eb humb\u00ebn jet\u00ebn gjat\u00eb tragjedis\u00eb s\u00eb autobusit n\u00eb Bullgari.<\/p>\n<p>Sipas mediave atje nj\u00eb num\u00ebr i madh i njer\u00ebzve po marrin pjes\u00eb n\u00eb ceremonin\u00eb e varrimit.<\/p>\n<p>Qytetar\u00ebt q\u00eb kishin dalur p\u00ebr t\u00eb b\u00ebr\u00eb homazhe p\u00ebr 45 viktimat e aksidentit n\u00eb Bullgari mezi mbanin lot\u00ebt.<\/p>\n<p>Shum\u00eb prej atyre q\u00eb sot kishin ardhur n\u00eb sheshin \u201cSkenderbeu\u201d n\u00eb Shkup, p\u00ebr t\u00eb nderuar viktimat, thon\u00eb se e kan\u00eb p\u00ebrjetuar r\u00ebnd\u00eb lajmin p\u00ebr tragjedin\u00eb.<\/p>\n<p>\u201cPo na ndodhin shum\u00eb shpesh tragjedit\u00eb k\u00ebto vitet e fundit. Tragjedia n\u00eb Bullgari na ka prekur shum\u00eb r\u00ebnd\u00eb\u201d, u shpreh nj\u00ebri nga qytetar\u00ebt e intervistuar. T\u00eb revoltuar p\u00ebrs\u00ebritja e tragjedive, qytetar\u00ebt porosisin autoritetet q\u00eb t\u00eb mos lejojn\u00eb q\u00eb q\u00eb k\u00ebto raste t\u00eb r\u00ebnda t\u00eb kalojn\u00eb pa p\u00ebrgjegj\u00ebsi. \u201cU b\u00eb shum\u00eb raste, kjo e fundit ishte shum\u00eb e r\u00ebnd\u00eb. Duhet t\u00eb merren m\u00eb shum\u00eb masa se populli po sakrifikohet\u201d, u shpreh nj\u00eb nga ta.<\/p>\n","protected":false},"excerpt":{"rendered":"<p>N\u00eb fshatin Studeni\u00e7an t\u00eb Maqedonis\u00eb \u00ebsht\u00eb duke u mbajtur ceremonia e varrimit t\u00eb kat\u00ebr viktimave q\u00eb humb\u00ebn jet\u00ebn gjat\u00eb tragjedis\u00eb s\u00eb autobusit n\u00eb Bullgari. Sipas mediave atje nj\u00eb num\u00ebr i madh i njer\u00ebzve po marrin pjes\u00eb n\u00eb ceremonin\u00eb e varrimit. Qytetar\u00ebt q\u00eb kishin dalur p\u00ebr t\u00eb b\u00ebr\u00eb homazhe p\u00ebr 45 viktimat e aksidentit n\u00eb Bullgari [&hellip;]<\/p>\n","protected":false},"author":1,"featured_media":99423,"comment_status":"closed","ping_status":"closed","sticky":false,"template":"","format":"standard","meta":{"footnotes":""},"categories":[5],"tags":[],"class_list":{"0":"post-99422","1":"post","2":"type-post","3":"status-publish","4":"format-standard","5":"has-post-thumbnail","7":"category-lajme"},"_links":{"self":[{"href":"https:\/\/radiostargjilan.com\/web\/wp-json\/wp\/v2\/posts\/99422","targetHints":{"allow":["GET"]}}],"collection":[{"href":"https:\/\/radiostargjilan.com\/web\/wp-json\/wp\/v2\/posts"}],"about":[{"href":"https:\/\/radiostargjilan.com\/web\/wp-json\/wp\/v2\/types\/post"}],"author":[{"embeddable":true,"href":"https:\/\/radiostargjilan.com\/web\/wp-json\/wp\/v2\/users\/1"}],"replies":[{"embeddable":true,"href":"https:\/\/radiostargjilan.com\/web\/wp-json\/wp\/v2\/comments?post=99422"}],"version-history":[{"count":0,"href":"https:\/\/radiostargjilan.com\/web\/wp-json\/wp\/v2\/posts\/99422\/revisions"}],"wp:featuredmedia":[{"embeddable":true,"href":"https:\/\/radiostargjilan.com\/web\/wp-json\/wp\/v2\/media\/99423"}],"wp:attachment":[{"href":"https:\/\/radiostargjilan.com\/web\/wp-json\/wp\/v2\/media?parent=99422"}],"wp:term":[{"taxonomy":"category","embeddable":true,"href":"https:\/\/radiostargjilan.com\/web\/wp-json\/wp\/v2\/categories?post=99422"},{"taxonomy":"post_tag","embeddable":true,"href":"https:\/\/radiostargjilan.com\/web\/wp-json\/wp\/v2\/tags?post=99422"}],"curies":[{"name":"wp","href":"https:\/\/api.w.org\/{rel}","templated":true}]}}