{"id":99603,"date":"2021-12-05T20:13:03","date_gmt":"2021-12-05T19:13:03","guid":{"rendered":"https:\/\/radiostargjilan.com\/web\/?p=99603"},"modified":"2021-12-05T20:13:03","modified_gmt":"2021-12-05T19:13:03","slug":"syla-po-na-kercenon-kurti-neser-do-tu-ankohem-ambasadave-koha-e-diktatoreve-ka-kaluar","status":"publish","type":"post","link":"https:\/\/radiostargjilan.com\/web\/syla-po-na-kercenon-kurti-neser-do-tu-ankohem-ambasadave-koha-e-diktatoreve-ka-kaluar\/","title":{"rendered":"Syla: Po na k\u00ebrc\u00ebnon Kurti, nes\u00ebr do t\u2019u ankohem ambasadave \u2013 koha e diktator\u00ebve ka kaluar"},"content":{"rendered":"<p>Kryeministri Albin Kurti, t\u00eb gjat\u00eb nj\u00eb konference t\u00eb diel\u00ebn, ka th\u00ebn\u00eb se duhet t\u00eb ket\u00eb ndryshime n\u00eb krye t\u00eb organizatave sindikale, si\u00e7 po ka ndryshime n\u00eb politik\u00eb.<\/p>\n<p>Kreu i qeveris\u00eb thot\u00eb se \u00ebsht\u00eb i bindur se edhe pun\u00ebtor\u00ebt sh\u00ebndet\u00ebsor edhe qytetar\u00ebt e Kosov\u00ebs nuk mjaftohen q\u00eb p\u00ebr shum\u00eb vite t\u00eb vazhdojn\u00eb t\u2019i p\u00ebrfaq\u00ebsojn\u00eb t\u00eb nj\u00ebjtit njer\u00ebz n\u00eb sindikata kushdo qofshin apo kudo q\u00eb ata jan\u00eb.<\/p>\n<p>\u201cUroj q\u00eb ndryshime t\u00eb ket\u00eb gjithandej, si\u00e7 po b\u00ebhen ndryshimet n\u00eb politik\u00eb, duhet t\u00eb ket\u00eb ndryshime edhe n\u00eb \u00e7do sfer\u00eb t\u00eb jet\u00ebs shoq\u00ebrore dhe profesionale\u201d, u shpreh ai.<\/p>\n<p>Ndaj deklarat\u00ebs s\u00eb kryeministrit, ka reaguar kryetari i Federat\u00ebs s\u00eb Sindikatave t\u00eb Sh\u00ebndet\u00ebsis\u00eb s\u00eb Kosov\u00ebs, Blerim Syla.<\/p>\n<p>Syla, deklarat\u00ebn e Kurtit e ka quajtur k\u00ebrc\u00ebnim p\u00ebr udh\u00ebheq\u00ebsit e sindikatave.<\/p>\n<p>Tutje tha se p\u00ebr k\u00ebt\u00eb do t\u00eb kontaktoj\u00eb me p\u00ebrfaq\u00ebsues ambasadave t\u00eb huaja dhe t\u00eb shteteve t\u00eb QUINT-it n\u00eb Kosov\u00eb.<\/p>\n<p>\u201cSot paska folur p\u00ebr masat anti-covid kryeministri dhe ministri i sh\u00ebndet\u00ebsis\u00eb i ardhur nga SHBA\u2026 Pa konsultim te ekspert\u00ebve vendor. P\u00ebr bes\u00eb e turpshme dhe patetike sepse po tregojn\u00eb q\u00eb dit\u00ebt n\u00eb vijim do i rrisin numrat sipas nevojave politike\u2026 por nejse.<\/p>\n<p>Kryeministri paska pun\u00eb edhe me kreun e FSSHK-s\u00eb i cili nuk po i shkojka p\u00ebr shtati. Nd\u00ebrsa po i nj\u00ebjti \u00ebsht\u00eb takuar me Dr. Blerim Syla sa ishte n\u00eb opozit\u00eb dhe gjith\u00e7ka ishte n\u00eb rregull. Por tani ky Dr. Blerim Syla qenka i pad\u00ebshiruar p\u00ebr z. Kurti se po k\u00ebrkon:<\/p>\n<p>Ligjin e pagave dhe rritjen e mir\u00ebqenies s\u00eb pun\u00ebtor\u00ebve sh\u00ebndet\u00ebsor\u00eb. Shoku Kurti n\u00eb k\u00ebto takime ka th\u00ebn\u00eb: \u201cLigjin nuk e kemi votuar sepse do t\u00eb d\u00ebshirojm\u00eb koeficientin 6 p\u00ebr mjek e 3 p\u00ebr infermier\u201d.<\/p>\n<p>Shoku Kurti sikur e ke tepru me k\u00ebrc\u00ebnime dhe shantazhe ndaj emrit Dr. B. Syla, por po ju rikujtoj: \u201cKOHA E DIKTATOR\u00cbVE KA KALUAR dhe \u00e7do tendenc\u00eb e jotja do t\u00eb d\u00ebshtoj.\u201d<\/p>\n<p>Lider\u00ebt sindikal zgjidhen nga pun\u00ebtor\u00ebt sh\u00ebndet\u00ebsor\u00eb e jo nga politika.<\/p>\n<p>Albin Kurti shihemi n\u00eb greva t\u00eb ligjshme apo jo, e vendos pun\u00ebtori nd\u00ebrsa ti dhe qeveria jote e keni shkel ligjin anti-covid duke i zbritur shtesat nga 300\u20ac ne 60\u20ac, e qe besa dhe duke i vjedhur ato p\u00ebr 2 muaj\u201d, shkroi Syla.<\/p>\n<p>Nd\u00ebrsa p\u00ebr klanks, tha se nga nes\u00ebr do t\u2019i lajm\u00ebroj\u00eb t\u00eb gjith\u00eb p\u00ebrfaq\u00ebsuesit e ambasadave n\u00eb Kosov\u00eb dhe shtetet e QUINT-it p\u00ebr k\u00ebrc\u00ebnimin q\u00eb ka b\u00ebr\u00eb Kurti.\/Telegrafi\/<\/p>\n","protected":false},"excerpt":{"rendered":"<p>Kryeministri Albin Kurti, t\u00eb gjat\u00eb nj\u00eb konference t\u00eb diel\u00ebn, ka th\u00ebn\u00eb se duhet t\u00eb ket\u00eb ndryshime n\u00eb krye t\u00eb organizatave sindikale, si\u00e7 po ka ndryshime n\u00eb politik\u00eb. Kreu i qeveris\u00eb thot\u00eb se \u00ebsht\u00eb i bindur se edhe pun\u00ebtor\u00ebt sh\u00ebndet\u00ebsor edhe qytetar\u00ebt e Kosov\u00ebs nuk mjaftohen q\u00eb p\u00ebr shum\u00eb vite t\u00eb vazhdojn\u00eb t\u2019i p\u00ebrfaq\u00ebsojn\u00eb t\u00eb nj\u00ebjtit [&hellip;]<\/p>\n","protected":false},"author":1,"featured_media":99604,"comment_status":"closed","ping_status":"closed","sticky":false,"template":"","format":"standard","meta":{"footnotes":""},"categories":[3],"tags":[],"class_list":{"0":"post-99603","1":"post","2":"type-post","3":"status-publish","4":"format-standard","5":"has-post-thumbnail","7":"category-shendetesi"},"_links":{"self":[{"href":"https:\/\/radiostargjilan.com\/web\/wp-json\/wp\/v2\/posts\/99603","targetHints":{"allow":["GET"]}}],"collection":[{"href":"https:\/\/radiostargjilan.com\/web\/wp-json\/wp\/v2\/posts"}],"about":[{"href":"https:\/\/radiostargjilan.com\/web\/wp-json\/wp\/v2\/types\/post"}],"author":[{"embeddable":true,"href":"https:\/\/radiostargjilan.com\/web\/wp-json\/wp\/v2\/users\/1"}],"replies":[{"embeddable":true,"href":"https:\/\/radiostargjilan.com\/web\/wp-json\/wp\/v2\/comments?post=99603"}],"version-history":[{"count":0,"href":"https:\/\/radiostargjilan.com\/web\/wp-json\/wp\/v2\/posts\/99603\/revisions"}],"wp:featuredmedia":[{"embeddable":true,"href":"https:\/\/radiostargjilan.com\/web\/wp-json\/wp\/v2\/media\/99604"}],"wp:attachment":[{"href":"https:\/\/radiostargjilan.com\/web\/wp-json\/wp\/v2\/media?parent=99603"}],"wp:term":[{"taxonomy":"category","embeddable":true,"href":"https:\/\/radiostargjilan.com\/web\/wp-json\/wp\/v2\/categories?post=99603"},{"taxonomy":"post_tag","embeddable":true,"href":"https:\/\/radiostargjilan.com\/web\/wp-json\/wp\/v2\/tags?post=99603"}],"curies":[{"name":"wp","href":"https:\/\/api.w.org\/{rel}","templated":true}]}}